{"id":35524,"date":"2021-12-18T15:49:25","date_gmt":"2021-12-18T21:49:25","guid":{"rendered":"http:\/\/www.zonaroja.com.mx\/?p=35524"},"modified":"2021-12-18T15:49:30","modified_gmt":"2021-12-18T21:49:30","slug":"ratifica-tepjf-inelegibilidad-de-presidenta-electa-de-san-jacinto-amilpas","status":"publish","type":"post","link":"https:\/\/zonaroja.com.mx\/?p=35524","title":{"rendered":"Ratifica TEPJF inelegibilidad de presidenta electa de San Jacinto Amilpas"},"content":{"rendered":"\n<p>Yuridiana Sosa\/Zona Roja.<\/p>\n\n\n\n<p>Oaxaca de Ju\u00e1rez, Oax., 18 de diciembre de 2021.- La Sala Regional Xalapa del Tribunal Electoral del Poder Judicial de la Federaci\u00f3n declar\u00f3 la inelegibilidad de la presidenta electa de San Jacinto Amilpas, Gabriela D\u00edaz P\u00e9rez.<\/p>\n\n\n\n<p>El \u00f3rgano superior electoral confirm\u00f3 la sentencia que el Tribunal Electoral del Estado de Oaxaca (TEEO) emiti\u00f3 sobre este caso porque la aspirante a la presidencia no se separ\u00f3 de su cargo como tesorera de ese ayuntamiento con 70 d\u00edas de anticipaci\u00f3n al d\u00eda de las elecciones y sigui\u00f3 cobrando.<\/p>\n\n\n\n<p>En ese sentido, orden\u00f3 revocar las constancias de mayor\u00eda y validez a D\u00edaz P\u00e9rez, pues los agravios hechos por la presidenta electa resultaron infundados, debido a que el TEEO s\u00ed realiz\u00f3 la valoraci\u00f3n correspondiente del caso.<\/p>\n\n\n\n<p>Este conflicto postelectoral qued\u00f3 asentado en los expedientes, SX-JRC535\/2021; SX-JRC-536\/2021 y SX-JDC-1548\/2021 acumulados.<\/p>\n\n\n\n<p>El proceso de impugnaci\u00f3n fue interpuesto por los Partidos Acci\u00f3n Nacional (PAN), Fuerza por M\u00e9xico y Verde Ecologista de M\u00e9xico (PVEM).<\/p>\n\n\n\n<p>TAMBI\u00c9N VIOLENCIA<\/p>\n\n\n\n<p>Adem\u00e1s de problemas postelectorales, en San Jacinto Amilpas, tambi\u00e9n se registra violencia el Ayuntamiento por parte de la presidenta municipal, Yolanda Santos contra un grupo de regidores que denuncian mal uso de los recursos p\u00fablicos.<\/p>\n\n\n\n<p>El pasado 16 de diciembre, un grupo de choque, presuntamente enviado por la edil de Morena, agredi\u00f3 a regidoras y regidores, donde resultaron dos funcionarios lesionados, mientras que la Polic\u00eda Municipal no intervino a pesar de haber presenciado el hecho.<\/p>\n\n\n\n<p>El grupo de regidores exig\u00eda el pago de salarios y aguinaldo a los trabajadores.<\/p>\n\n\n\n<p>CASO TANICHE<\/p>\n\n\n\n<p>Por otra parte, la Sala Regional del TEPJF confirm\u00f3 la resoluci\u00f3n del Tribunal Electoral del Estado de Oaxaca de declarar existente la violencia pol\u00edtica en raz\u00f3n de g\u00e9nero por parte del presidente municipal de Taniche, Ariel Osbaldo Ramos Gonz\u00e1lez, en agravio de Alejandra Jacqueline Barrag\u00e1n Corres, Regidora de Hacienda de ese ayuntamiento.<\/p>\n\n\n\n<p>\u201cEl presidente municipal no combate las consideraciones expresadas por el TEEO en la sentencia impugnada, pues los mismos se tratan de argumentos que ya fueron analizados por esta Sala Regional a trav\u00e9s de los juicios SX-JE-200\/2021y su acumulado.<\/p>\n\n\n\n<p>El pasado mes de septiembre, el TEEO apunt\u00f3 que el edil obstaculiz\u00f3 el ejercicio de las atribuciones inherentes al cargo de la entonces regidora de Hacienda, ya que de las constancias que obran en el expediente se advirti\u00f3 la negativa de Ariel Osbaldo Ramos Gonz\u00e1lez de convocarla a sesiones de Cabildo y de la Comisi\u00f3n de Hacienda, as\u00ed como, la negativa en otorgarle informaci\u00f3n de la cuenta p\u00fablica y orden\u00f3 dar amplia difusi\u00f3n a esta sentencia como medida de reparaci\u00f3n integral.<\/p>\n","protected":false},"excerpt":{"rendered":"<p>Yuridiana Sosa\/Zona Roja. Oaxaca de Ju\u00e1rez, Oax., 18 de diciembre de 2021.- La Sala Regional&hellip;<\/p>\n","protected":false},"author":2,"featured_media":32992,"comment_status":"closed","ping_status":"open","sticky":false,"template":"","format":"standard","meta":{"_lmt_disableupdate":"","_lmt_disable":"","_jetpack_memberships_contains_paid_content":false,"footnotes":""},"categories":[109,47],"tags":[77],"class_list":["post-35524","post","type-post","status-publish","format-standard","has-post-thumbnail","hentry","category-minuto-a-minuto","category-zona-gris","tag-san-jacinto-amilpas"],"jetpack_featured_media_url":"https:\/\/zonaroja.com.mx\/wp-content\/uploads\/2021\/10\/Gabriela-Diaz-San-Jacinto-Amilpas.jpg","jetpack_sharing_enabled":true,"_links":{"self":[{"href":"https:\/\/zonaroja.com.mx\/index.php?rest_route=\/wp\/v2\/posts\/35524","targetHints":{"allow":["GET"]}}],"collection":[{"href":"https:\/\/zonaroja.com.mx\/index.php?rest_route=\/wp\/v2\/posts"}],"about":[{"href":"https:\/\/zonaroja.com.mx\/index.php?rest_route=\/wp\/v2\/types\/post"}],"author":[{"embeddable":true,"href":"https:\/\/zonaroja.com.mx\/index.php?rest_route=\/wp\/v2\/users\/2"}],"replies":[{"embeddable":true,"href":"https:\/\/zonaroja.com.mx\/index.php?rest_route=%2Fwp%2Fv2%2Fcomments&post=35524"}],"version-history":[{"count":1,"href":"https:\/\/zonaroja.com.mx\/index.php?rest_route=\/wp\/v2\/posts\/35524\/revisions"}],"predecessor-version":[{"id":35525,"href":"https:\/\/zonaroja.com.mx\/index.php?rest_route=\/wp\/v2\/posts\/35524\/revisions\/35525"}],"wp:featuredmedia":[{"embeddable":true,"href":"https:\/\/zonaroja.com.mx\/index.php?rest_route=\/wp\/v2\/media\/32992"}],"wp:attachment":[{"href":"https:\/\/zonaroja.com.mx\/index.php?rest_route=%2Fwp%2Fv2%2Fmedia&parent=35524"}],"wp:term":[{"taxonomy":"category","embeddable":true,"href":"https:\/\/zonaroja.com.mx\/index.php?rest_route=%2Fwp%2Fv2%2Fcategories&post=35524"},{"taxonomy":"post_tag","embeddable":true,"href":"https:\/\/zonaroja.com.mx\/index.php?rest_route=%2Fwp%2Fv2%2Ftags&post=35524"}],"curies":[{"name":"wp","href":"https:\/\/api.w.org\/{rel}","templated":true}]}}