{"id":35526,"date":"2021-12-19T07:06:07","date_gmt":"2021-12-19T13:06:07","guid":{"rendered":"http:\/\/www.zonaroja.com.mx\/?p=35526"},"modified":"2021-12-19T07:06:11","modified_gmt":"2021-12-19T13:06:11","slug":"en-paises-bajos-navidad-bajo-confinamiento-por-variante-omicron","status":"publish","type":"post","link":"https:\/\/zonaroja.com.mx\/?p=35526","title":{"rendered":"En Pa\u00edses Bajos, Navidad bajo confinamiento, por variante \u201c\u00d3micron\u201d"},"content":{"rendered":"\n<p>Redacci\u00f3n\/Zona Roja Cdmx.<\/p>\n\n\n\n<p>Ciudad de M\u00e9xico, 19 de diciembre de 2021.- Pa\u00edses Bajos comenzar\u00e1 hoy un confinamiento durante la \u00e9poca navide\u00f1a para tratar de frenar el aumento de casos de la variante \u201c\u00d3micron\u201d del Covid-19, anunci\u00f3 ayer el primer ministro de Holanda, Mark Rutte.<\/p>\n\n\n\n<p>Todos los comercios no esenciales, restaurantes, bares, cines, museos y teatros deber\u00e1n cerrar desde el domingo hasta el 14 de enero. Los colegios podr\u00e1n reabrir a partir del 9 de enero.<\/p>\n\n\n\n<p>El n\u00famero de personas que pueden ir como invitadas a una casa baj\u00f3 de cuatro a dos, a excepci\u00f3n del d\u00eda de Navidad.<\/p>\n\n\n\n<p>Es algo inevitable por la llegada de la quinta ola y por la propagaci\u00f3n, m\u00e1s r\u00e1pida de lo esperado, de \u201c\u00d3micron\u201d. Ahora debemos actuar con precauci\u00f3n, dijo Rutte.<\/p>\n\n\n\n<p>El responsable del equipo holand\u00e9s de gesti\u00f3n de la pandemia, Jaap van Dissel, afirm\u00f3 que entre la Navidad y el fin de a\u00f1o, la variante \u201c\u00d3micron\u201d se convertir\u00e1 en la dominante.<\/p>\n\n\n\n<p>En el pa\u00eds, cerca de 86 por ciento de los adultos ha sido vacunado.<\/p>\n\n\n\n<p>El s\u00e1bado por la ma\u00f1ana se formaron largas colas ante los comercios, ya que la gente se apresur\u00f3 a hacer las compras navide\u00f1as de \u00faltima hora tras conocerse las nuevas medidas.<\/p>\n\n\n\n<p>Mientras, los casos de la variante \u201c\u00d3micron\u201d del Covid-19, detectada en 89 pa\u00edses, se duplican cada 36 horas o cada 72 horas, en una secuencia que var\u00eda de naci\u00f3n a naci\u00f3n, incluso en pa\u00edses con altas tasas de vacunaci\u00f3n, alert\u00f3 la Organizaci\u00f3n Mundial de la Salud.<\/p>\n\n\n\n<p>En Reino Unido, el Grupo Cient\u00edfico para Modelos sobre Pandemias de Gripe-Subgrupo Operativo alert\u00f3 que si no se adoptan medidas de restricci\u00f3n de inmediato se podr\u00edan alcanzar a final de mes 2 millones de contagios y hasta 6 mil muertes diarias debido a \u201c\u00d3micron\u201d.<\/p>\n\n\n\n<p>El alcalde de Londres, Sadiq Khan, muy preocupado por la propagaci\u00f3n de la nueva mutaci\u00f3n, que es dominante en la capital brit\u00e1nica, declar\u00f3 estado de emergencia.<\/p>\n\n\n\n<p>Miles de manifestantes salieron a las calles de Francia a protestar contra el pasaporte sanitario, un d\u00eda despu\u00e9s de que el gobierno anunci\u00f3 que las pruebas negativas a Covid-19 ya no son v\u00e1lidas para entrar a lugares p\u00fablicos.<\/p>\n\n\n\n<p>La pandemia ha dejado en el mundo 274 millones 163 mil 483 casos confirmados y 5 millones 349 mil 355 fallecidos, de acuerdo con la Universidad Johns Hopkins.<\/p>\n\n\n\n<p>(Informaci\u00f3n de agencias internacionales y \u00abLa Jornada\u00bb)<\/p>\n","protected":false},"excerpt":{"rendered":"<p>Redacci\u00f3n\/Zona Roja Cdmx. Ciudad de M\u00e9xico, 19 de diciembre de 2021.- Pa\u00edses Bajos comenzar\u00e1 hoy&hellip;<\/p>\n","protected":false},"author":2,"featured_media":34752,"comment_status":"closed","ping_status":"open","sticky":false,"template":"","format":"standard","meta":{"_lmt_disableupdate":"","_lmt_disable":"","_jetpack_memberships_contains_paid_content":false,"footnotes":""},"categories":[109,47],"tags":[2956],"class_list":["post-35526","post","type-post","status-publish","format-standard","has-post-thumbnail","hentry","category-minuto-a-minuto","category-zona-gris","tag-variante-covid-omicron"],"jetpack_featured_media_url":"https:\/\/zonaroja.com.mx\/wp-content\/uploads\/2021\/11\/Omicron-covid-coronavirus.jpg","jetpack_sharing_enabled":true,"_links":{"self":[{"href":"https:\/\/zonaroja.com.mx\/index.php?rest_route=\/wp\/v2\/posts\/35526","targetHints":{"allow":["GET"]}}],"collection":[{"href":"https:\/\/zonaroja.com.mx\/index.php?rest_route=\/wp\/v2\/posts"}],"about":[{"href":"https:\/\/zonaroja.com.mx\/index.php?rest_route=\/wp\/v2\/types\/post"}],"author":[{"embeddable":true,"href":"https:\/\/zonaroja.com.mx\/index.php?rest_route=\/wp\/v2\/users\/2"}],"replies":[{"embeddable":true,"href":"https:\/\/zonaroja.com.mx\/index.php?rest_route=%2Fwp%2Fv2%2Fcomments&post=35526"}],"version-history":[{"count":1,"href":"https:\/\/zonaroja.com.mx\/index.php?rest_route=\/wp\/v2\/posts\/35526\/revisions"}],"predecessor-version":[{"id":35527,"href":"https:\/\/zonaroja.com.mx\/index.php?rest_route=\/wp\/v2\/posts\/35526\/revisions\/35527"}],"wp:featuredmedia":[{"embeddable":true,"href":"https:\/\/zonaroja.com.mx\/index.php?rest_route=\/wp\/v2\/media\/34752"}],"wp:attachment":[{"href":"https:\/\/zonaroja.com.mx\/index.php?rest_route=%2Fwp%2Fv2%2Fmedia&parent=35526"}],"wp:term":[{"taxonomy":"category","embeddable":true,"href":"https:\/\/zonaroja.com.mx\/index.php?rest_route=%2Fwp%2Fv2%2Fcategories&post=35526"},{"taxonomy":"post_tag","embeddable":true,"href":"https:\/\/zonaroja.com.mx\/index.php?rest_route=%2Fwp%2Fv2%2Ftags&post=35526"}],"curies":[{"name":"wp","href":"https:\/\/api.w.org\/{rel}","templated":true}]}}