{"id":35529,"date":"2021-12-19T07:21:36","date_gmt":"2021-12-19T13:21:36","guid":{"rendered":"http:\/\/www.zonaroja.com.mx\/?p=35529"},"modified":"2021-12-19T07:21:41","modified_gmt":"2021-12-19T13:21:41","slug":"tres-oaxaquenos-entre-los-100-mexicanos-mas-creativos-en-el-mundo-de-forbes","status":"publish","type":"post","link":"https:\/\/zonaroja.com.mx\/?p=35529","title":{"rendered":"Tres oaxaque\u00f1os entre los \u201c100 mexicanos m\u00e1s creativos en el mundo\u201d de Forbes"},"content":{"rendered":"\n<p>Yuridiana Sosa\/ Zona Roja<\/p>\n\n\n\n<p>Oaxaca de Ju\u00e1rez, Oax., 18 de diciembre de 2021.- Los oaxaque\u00f1os Dar\u00edo Castillejos, Israel Nazario y Karen Vega fueron integrados en la lista de los \u201c100 mexicanos m\u00e1s creativos en el mundo\u201d, de la revista Forbes M\u00e9xico.<\/p>\n\n\n\n<p>En el caso de Dar\u00edo Castillejos fue incluido por segundo a\u00f1o consecutivo entre los \u201c100 mexicanos m\u00e1s creativos en el mundo\u201d por Forbes M\u00e9xico.<\/p>\n\n\n\n<p>El cartonista oaxaque\u00f1o, ganador del World Cartoon, fue incluido por segunda ocasi\u00f3n en la lista de Forbes; en el caso de la edici\u00f3n 2021, es especial para la revista mundial por el contexto de la contingencia sanitaria y por lo que denomin\u00f3 a este ciclo como \u201cel a\u00f1o de la reinvenci\u00f3n de la industria creativa\u201d.<\/p>\n\n\n\n<p>&nbsp;\u201cSi algo ha dejado de lecci\u00f3n la pandemia por Covid-19 es que todas las reglas cambian y, hoy, la industria creativa no va a quedarse pertrechada en las trincheras tradicionales: est\u00e1 lista para permear en otras ramas de la econom\u00eda\u201d, destac\u00f3 Forbes en su la publicaci\u00f3n.<\/p>\n\n\n\n<p>Por su parte, el monero oaxaque\u00f1o agradeci\u00f3 en sus redes sociales la distinci\u00f3n de Forbes M\u00e9xico a su trabajo. \u201cAgradezco a su director Roberto Aguilar y a todo el equipo de Forbes M\u00e9xico por la grata distinci\u00f3n y por dar espacio a mi trabajo que es mi pasi\u00f3n de vida\u201d, mencion\u00f3.<\/p>\n\n\n\n<p>En entrevista para la revista, Dar\u00edo Castillejos expres\u00f3: \u201cLa caricatura y su esencia es cr\u00edtica; tiene que ser necesariamente un contrapeso al poder, venga de donde venga\u201d.<\/p>\n\n\n\n<p>La lista de Forbes M\u00e9xico tambi\u00e9n reconoce la creatividad de la modelo oaxaque\u00f1a Karen Vega, quien a su corta edad ha incursionado en diversas publicaciones, entre ellas Vogue.<\/p>\n\n\n\n<p>As\u00ed cont\u00f3 la joven sus inicios a esa revista internacional:<\/p>\n\n\n\n<p>\u201cInici\u00f3 con la invitaci\u00f3n del director creativo y dise\u00f1ador oaxaque\u00f1o, Pompi Garc\u00eda y el fot\u00f3grafo Enrique Leyva, aqu\u00ed en la ciudad de Oaxaca, en una producci\u00f3n que se llam\u00f3 \u2018Realismo m\u00e1gico\u2019. Ellos ten\u00edan la idea de mostrar m\u00e1s piel morena y nativa en sus proyectos, y les pareci\u00f3 que yo podr\u00eda ayudarlos a complementar las im\u00e1genes que ten\u00edan pensadas. Me sent\u00ed muy emocionada porque siempre me han gustado las fotos, pero siempre me las hab\u00eda hecho informalmente\u201d.<\/p>\n\n\n\n<p>Tambi\u00e9n fue incluido el artista pl\u00e1stico oaxaque\u00f1o, Israel Nazario, originario de Santa Mar\u00eda Zacatepec, quien ha llevado sus obras por M\u00e9xico y al extranjero, a pa\u00edses como Jap\u00f3n, Estados Unidos, Argentina, Indonesia, y Brasil.<\/p>\n\n\n\n<p>La revista comparte una entrevista a Israel Nazario, en la que el oaxaque\u00f1o plasma, desde su perspectiva, que en M\u00e9xico \u201chacen falta espacios espacios y creatividad para que los artistas mexicanos tengan oportunidades de vivir del arte.<\/p>\n\n\n\n<p>En el \u00e1mbito estatal, se\u00f1al\u00f3 una problem\u00e1tica similar, \u201cEn Oaxaca tenemos apoyos en cuanto a la literatura, pero en artes pl\u00e1sticas nos hacen falta espacios\u201d.<\/p>\n\n\n\n<p>As\u00ed tambi\u00e9n dijo que en medio de la pandemia ha faltado creatividad para el uso de las herramientas digitales, redes sociales y las ventas por internet, las cuales consider\u00f3 que no siempre son confiables.<\/p>\n","protected":false},"excerpt":{"rendered":"<p>Yuridiana Sosa\/ Zona Roja Oaxaca de Ju\u00e1rez, Oax., 18 de diciembre de 2021.- Los oaxaque\u00f1os&hellip;<\/p>\n","protected":false},"author":2,"featured_media":35530,"comment_status":"closed","ping_status":"open","sticky":false,"template":"","format":"standard","meta":{"_lmt_disableupdate":"","_lmt_disable":"","_jetpack_memberships_contains_paid_content":false,"footnotes":""},"categories":[109,46],"tags":[],"class_list":["post-35529","post","type-post","status-publish","format-standard","has-post-thumbnail","hentry","category-minuto-a-minuto","category-zona-blanca"],"jetpack_featured_media_url":"https:\/\/zonaroja.com.mx\/wp-content\/uploads\/2021\/12\/Mexicanos-creativos-Forbes.jpg","jetpack_sharing_enabled":true,"_links":{"self":[{"href":"https:\/\/zonaroja.com.mx\/index.php?rest_route=\/wp\/v2\/posts\/35529","targetHints":{"allow":["GET"]}}],"collection":[{"href":"https:\/\/zonaroja.com.mx\/index.php?rest_route=\/wp\/v2\/posts"}],"about":[{"href":"https:\/\/zonaroja.com.mx\/index.php?rest_route=\/wp\/v2\/types\/post"}],"author":[{"embeddable":true,"href":"https:\/\/zonaroja.com.mx\/index.php?rest_route=\/wp\/v2\/users\/2"}],"replies":[{"embeddable":true,"href":"https:\/\/zonaroja.com.mx\/index.php?rest_route=%2Fwp%2Fv2%2Fcomments&post=35529"}],"version-history":[{"count":1,"href":"https:\/\/zonaroja.com.mx\/index.php?rest_route=\/wp\/v2\/posts\/35529\/revisions"}],"predecessor-version":[{"id":35531,"href":"https:\/\/zonaroja.com.mx\/index.php?rest_route=\/wp\/v2\/posts\/35529\/revisions\/35531"}],"wp:featuredmedia":[{"embeddable":true,"href":"https:\/\/zonaroja.com.mx\/index.php?rest_route=\/wp\/v2\/media\/35530"}],"wp:attachment":[{"href":"https:\/\/zonaroja.com.mx\/index.php?rest_route=%2Fwp%2Fv2%2Fmedia&parent=35529"}],"wp:term":[{"taxonomy":"category","embeddable":true,"href":"https:\/\/zonaroja.com.mx\/index.php?rest_route=%2Fwp%2Fv2%2Fcategories&post=35529"},{"taxonomy":"post_tag","embeddable":true,"href":"https:\/\/zonaroja.com.mx\/index.php?rest_route=%2Fwp%2Fv2%2Ftags&post=35529"}],"curies":[{"name":"wp","href":"https:\/\/api.w.org\/{rel}","templated":true}]}}