{"id":3553,"date":"2019-08-31T08:10:28","date_gmt":"2019-08-31T13:10:28","guid":{"rendered":"http:\/\/www.zonaroja.com.mx\/?p=3553"},"modified":"2019-08-31T08:10:30","modified_gmt":"2019-08-31T13:10:30","slug":"otros-dos-ejecutados-en-oaxaca-en-viernes-por-la-noche-suman-11-en-24-horas","status":"publish","type":"post","link":"https:\/\/zonaroja.com.mx\/?p=3553","title":{"rendered":"Otros dos ejecutados en Oaxaca, en viernes por la noche; suman 11 en 24 horas"},"content":{"rendered":"\n<p>Redacci\u00f3n\/Zona Roja.<\/p>\n\n\n\n<p>Oaxaca de Ju\u00e1rez, Oax., 31 de agosto de\n2019.- Otras dos personas fueron ejecutadas anoche en el estado de Oaxaca, con\nlo que suman 11 personas asesinadas en las \u00faltimas 24 horas.<\/p>\n\n\n\n<p>En El Espinal, municipio de la regi\u00f3n\ndel Istmo de Tehuantepec, fue ejecutado un joven de 19 a\u00f1os de edad, cuyo\ncuerpo fue localizado en la avenida Galeana esquina con Porfirio D\u00edaz.<\/p>\n\n\n\n<p>Seg\u00fan confirm\u00f3 la Vicefiscal\u00eda Regional\ndel Istmo, la v\u00edctima fue identificada como Manuel M. V., y su cuerpo presenta\ndisparos de arma de fuego en varias partes del cuerpo, que fue hallado en el\ninterior de una camioneta tipo Silverado, marca Chevrolet.<\/p>\n\n\n\n<p>Tambi\u00e9n anoche pero en la regi\u00f3n de la\nCuenca del Papaloapan, fue ultimado otro individuo a bordo de su veh\u00edculo de\nmotor.<\/p>\n\n\n\n<p>Fue en la carretera que comunica a San\nJuan Bautista Tuxtepec con San Lucas Ojitl\u00e1n, a la altura de la colonia El Rub\u00ed\nen jurisdicci\u00f3n del primer municipio, donde fue agredida a balazos una persona.<\/p>\n\n\n\n<p>Fue identificado como \u00d3scar Venancio\nVela y viajaba en un coche tipo Jetta, marca Volkswagen, con placas de\ncirculaci\u00f3n YJU5078 del estado de Veracruz.<\/p>\n\n\n\n<p>Como se inform\u00f3 ayer, cuatro personas\nfueron calcinadas en un coche en Santa Mar\u00eda Tonameca, seg\u00fan datos de la\nFiscal\u00eda General del Estado; tres fueron asesinadas en San Mateo del Mar, una\nde ellas calcinada. Otra ejecuci\u00f3n ocurri\u00f3 durante la ma\u00f1ana en San Juan Bautista\nTuxtepec y un ultimado con arma blanca en la ciudad de Oaxaca.<\/p>\n","protected":false},"excerpt":{"rendered":"<p>Redacci\u00f3n\/Zona Roja. Oaxaca de Ju\u00e1rez, Oax., 31 de agosto de 2019.- Otras dos personas fueron&hellip;<\/p>\n","protected":false},"author":2,"featured_media":1787,"comment_status":"closed","ping_status":"open","sticky":false,"template":"","format":"standard","meta":{"_lmt_disableupdate":"","_lmt_disable":"","_jetpack_memberships_contains_paid_content":false,"footnotes":""},"categories":[109,51],"tags":[118,175],"class_list":["post-3553","post","type-post","status-publish","format-standard","has-post-thumbnail","hentry","category-minuto-a-minuto","category-zona-roja","tag-san-juan-bautista-tuxtepec","tag-secretaria-de-seguridad-publica-de-oaxaca"],"jetpack_featured_media_url":"https:\/\/zonaroja.com.mx\/wp-content\/uploads\/2019\/06\/IMG_2483.jpg","jetpack_sharing_enabled":true,"_links":{"self":[{"href":"https:\/\/zonaroja.com.mx\/index.php?rest_route=\/wp\/v2\/posts\/3553","targetHints":{"allow":["GET"]}}],"collection":[{"href":"https:\/\/zonaroja.com.mx\/index.php?rest_route=\/wp\/v2\/posts"}],"about":[{"href":"https:\/\/zonaroja.com.mx\/index.php?rest_route=\/wp\/v2\/types\/post"}],"author":[{"embeddable":true,"href":"https:\/\/zonaroja.com.mx\/index.php?rest_route=\/wp\/v2\/users\/2"}],"replies":[{"embeddable":true,"href":"https:\/\/zonaroja.com.mx\/index.php?rest_route=%2Fwp%2Fv2%2Fcomments&post=3553"}],"version-history":[{"count":1,"href":"https:\/\/zonaroja.com.mx\/index.php?rest_route=\/wp\/v2\/posts\/3553\/revisions"}],"predecessor-version":[{"id":3554,"href":"https:\/\/zonaroja.com.mx\/index.php?rest_route=\/wp\/v2\/posts\/3553\/revisions\/3554"}],"wp:featuredmedia":[{"embeddable":true,"href":"https:\/\/zonaroja.com.mx\/index.php?rest_route=\/wp\/v2\/media\/1787"}],"wp:attachment":[{"href":"https:\/\/zonaroja.com.mx\/index.php?rest_route=%2Fwp%2Fv2%2Fmedia&parent=3553"}],"wp:term":[{"taxonomy":"category","embeddable":true,"href":"https:\/\/zonaroja.com.mx\/index.php?rest_route=%2Fwp%2Fv2%2Fcategories&post=3553"},{"taxonomy":"post_tag","embeddable":true,"href":"https:\/\/zonaroja.com.mx\/index.php?rest_route=%2Fwp%2Fv2%2Ftags&post=3553"}],"curies":[{"name":"wp","href":"https:\/\/api.w.org\/{rel}","templated":true}]}}