{"id":35535,"date":"2021-12-19T14:10:14","date_gmt":"2021-12-19T20:10:14","guid":{"rendered":"http:\/\/www.zonaroja.com.mx\/?p=35535"},"modified":"2021-12-19T14:10:17","modified_gmt":"2021-12-19T20:10:17","slug":"diez-dias-despues-inicia-repatriacion-de-migrantes-muertos-en-chiapas","status":"publish","type":"post","link":"https:\/\/zonaroja.com.mx\/?p=35535","title":{"rendered":"Diez d\u00edas despu\u00e9s, inicia repatriaci\u00f3n de migrantes muertos en Chiapas"},"content":{"rendered":"\n<p>Redacci\u00f3n\/Zona Roja Cdmx.<\/p>\n\n\n\n<p>Ciudad de M\u00e9xico, 19 de diciembre de 2021.- A casi 10 d\u00edas del fatal percance carretero en que fallecieron 56 personas en Chiapas, este s\u00e1bado inici\u00f3 la repatriaci\u00f3n de cuatro cuerpos a Guatemala.<\/p>\n\n\n\n<p>El pasado 9 de diciembre, un tr\u00e1iler que transportaba m\u00e1s de un centenar de centroamericanos indocumentados, choc\u00f3 con un muro, en el municipio de Chiapa de Corzo.<\/p>\n\n\n\n<p>Ayer, los cuerpos de cuatro migrantes guatemaltecos fallecidos arribaron a la Fuerza A\u00e9rea Guatemalteca a las 23:34 hora local (5.34 GMT del domingo), repatriados desde M\u00e9xico, seg\u00fan constat\u00f3 la agencia EFE.<\/p>\n\n\n\n<p>La coordinaci\u00f3n con las familias de los fallecidos para la entrega este s\u00e1bado de sus restos estuvo a cargo de la Canciller\u00eda guatemalteca, seg\u00fan inform\u00f3 en sus canales oficiales el Gobierno que preside Alejandro Giammattei.<\/p>\n\n\n\n<p>Los nombres de los cuatros migrantes repatriados este s\u00e1bado no fueron divulgados por las autoridades guatemaltecas, que anunciaron el retorno unas horas antes de que se concretara.<\/p>\n\n\n\n<p>De acuerdo al Gobierno, los migrantes pertenecen a los departamentos de Chimaltenango, en el centro del pa\u00eds, y San Marcos, al oeste de la naci\u00f3n centroamericana y colindante con M\u00e9xico.<\/p>\n\n\n\n<p>El accidente se produjo cuando un tr\u00e1iler que transportaba migrantes impact\u00f3 contra el muro de un puente peatonal, durante su trayecto por territorio chiapaneco, presuntamente debido a que el conductor perdi\u00f3 el control por viajar a exceso de velocidad.<\/p>\n\n\n\n<p>Los m\u00e1s de 150 migrantes que se transportaban en el cami\u00f3n ten\u00edan como objetivo cruzar M\u00e9xico para llegar a Estados Unidos.<\/p>\n\n\n\n<p>(Con informaci\u00f3n de la agencia EFE)<\/p>\n","protected":false},"excerpt":{"rendered":"<p>Redacci\u00f3n\/Zona Roja Cdmx. Ciudad de M\u00e9xico, 19 de diciembre de 2021.- A casi 10 d\u00edas&hellip;<\/p>\n","protected":false},"author":2,"featured_media":35227,"comment_status":"closed","ping_status":"open","sticky":false,"template":"","format":"standard","meta":{"_lmt_disableupdate":"","_lmt_disable":"","_jetpack_memberships_contains_paid_content":false,"footnotes":""},"categories":[109,47],"tags":[],"class_list":["post-35535","post","type-post","status-publish","format-standard","has-post-thumbnail","hentry","category-minuto-a-minuto","category-zona-gris"],"jetpack_featured_media_url":"https:\/\/zonaroja.com.mx\/wp-content\/uploads\/2021\/12\/Muertos-migrantes-Chiapas.jpg","jetpack_sharing_enabled":true,"_links":{"self":[{"href":"https:\/\/zonaroja.com.mx\/index.php?rest_route=\/wp\/v2\/posts\/35535","targetHints":{"allow":["GET"]}}],"collection":[{"href":"https:\/\/zonaroja.com.mx\/index.php?rest_route=\/wp\/v2\/posts"}],"about":[{"href":"https:\/\/zonaroja.com.mx\/index.php?rest_route=\/wp\/v2\/types\/post"}],"author":[{"embeddable":true,"href":"https:\/\/zonaroja.com.mx\/index.php?rest_route=\/wp\/v2\/users\/2"}],"replies":[{"embeddable":true,"href":"https:\/\/zonaroja.com.mx\/index.php?rest_route=%2Fwp%2Fv2%2Fcomments&post=35535"}],"version-history":[{"count":1,"href":"https:\/\/zonaroja.com.mx\/index.php?rest_route=\/wp\/v2\/posts\/35535\/revisions"}],"predecessor-version":[{"id":35536,"href":"https:\/\/zonaroja.com.mx\/index.php?rest_route=\/wp\/v2\/posts\/35535\/revisions\/35536"}],"wp:featuredmedia":[{"embeddable":true,"href":"https:\/\/zonaroja.com.mx\/index.php?rest_route=\/wp\/v2\/media\/35227"}],"wp:attachment":[{"href":"https:\/\/zonaroja.com.mx\/index.php?rest_route=%2Fwp%2Fv2%2Fmedia&parent=35535"}],"wp:term":[{"taxonomy":"category","embeddable":true,"href":"https:\/\/zonaroja.com.mx\/index.php?rest_route=%2Fwp%2Fv2%2Fcategories&post=35535"},{"taxonomy":"post_tag","embeddable":true,"href":"https:\/\/zonaroja.com.mx\/index.php?rest_route=%2Fwp%2Fv2%2Ftags&post=35535"}],"curies":[{"name":"wp","href":"https:\/\/api.w.org\/{rel}","templated":true}]}}