{"id":35546,"date":"2021-12-19T20:05:11","date_gmt":"2021-12-20T02:05:11","guid":{"rendered":"http:\/\/www.zonaroja.com.mx\/?p=35546"},"modified":"2021-12-19T20:05:15","modified_gmt":"2021-12-20T02:05:15","slug":"senadora-por-morena-es-victima-de-atentado-en-edomex-salio-ilesa","status":"publish","type":"post","link":"https:\/\/zonaroja.com.mx\/?p=35546","title":{"rendered":"Senadora por Morena es v\u00edctima de atentado en Edomex; sali\u00f3 ilesa"},"content":{"rendered":"\n<p>Redacci\u00f3n\/Zona Roja Cdmx.<\/p>\n\n\n\n<p>Ciudad de M\u00e9xico, 19 de diciembre de 2021.- Este domingo por la ma\u00f1ana, la senadora Martha Guerrero, delegada de Morena en el Estado de M\u00e9xico, sufri\u00f3 un ataque armado; su veh\u00edculo fue baleado cuando ella se dirig\u00eda hacia Temoaya para la toma de protesta de la presidenta municipal electa Nelly Br\u00edgida Rivera S\u00e1nchez.<\/p>\n\n\n\n<p>Los primeros informes se\u00f1alan que la legisladora federal se encuentra ilesa debido a que los disparos cayeron del lado del conductor.<\/p>\n\n\n\n<p>Los hechos ocurrieron cuando Martha Guerrero lleg\u00f3 al municipio alrededor de las 09:30 de la ma\u00f1ana. Un sujeto baj\u00f3 de otro veh\u00edculo, se aproxim\u00f3 a cuatro metros del auto en que viajaba la legisladora y dispar\u00f3 en cuatro ocasiones hacia el cofre y a un costado de la portezuela, lo que provoc\u00f3 tensi\u00f3n y susto entre los ocupantes y la propia senadora mexiquense.<\/p>\n\n\n\n<p>\u201cLa senadora est\u00e1 bien y con nosotros. Ahora la gente del gobernador Alfredo del Mazo deber\u00e1 investigar de qu\u00e9 se trat\u00f3. Ya estamos en contacto con ellos\u00bb, declar\u00f3 el senador Higinio Mart\u00ednez Miranda, quien a su vez exigi\u00f3 la detenci\u00f3n de los responsables.<\/p>\n\n\n\n<p>Tras lo sucedido durante las giras de toma de protesta que est\u00e1n realizando los senadores del Estado de M\u00e9xico a los diferentes municipios en los que Morena gan\u00f3, Higinio aseguro que \u00ablas giras por los diferentes municipios no cesar\u00e1n y continuar\u00e1n hoy de visita a las diferentes localidades para acompa\u00f1ar a las y los servidores p\u00fablicos electos por el pueblo\u00bb.<\/p>\n\n\n\n<p>(Informaci\u00f3n de \u201cR\u00e9cord\u201d)<\/p>\n","protected":false},"excerpt":{"rendered":"<p>Redacci\u00f3n\/Zona Roja Cdmx. Ciudad de M\u00e9xico, 19 de diciembre de 2021.- Este domingo por la&hellip;<\/p>\n","protected":false},"author":2,"featured_media":35547,"comment_status":"closed","ping_status":"open","sticky":false,"template":"","format":"standard","meta":{"_lmt_disableupdate":"","_lmt_disable":"","_jetpack_memberships_contains_paid_content":false,"footnotes":""},"categories":[109,47],"tags":[2982],"class_list":["post-35546","post","type-post","status-publish","format-standard","has-post-thumbnail","hentry","category-minuto-a-minuto","category-zona-gris","tag-senadora-martha-guerrero"],"jetpack_featured_media_url":"https:\/\/zonaroja.com.mx\/wp-content\/uploads\/2021\/12\/Senadora-Martha-Guerrero.jpg","jetpack_sharing_enabled":true,"_links":{"self":[{"href":"https:\/\/zonaroja.com.mx\/index.php?rest_route=\/wp\/v2\/posts\/35546","targetHints":{"allow":["GET"]}}],"collection":[{"href":"https:\/\/zonaroja.com.mx\/index.php?rest_route=\/wp\/v2\/posts"}],"about":[{"href":"https:\/\/zonaroja.com.mx\/index.php?rest_route=\/wp\/v2\/types\/post"}],"author":[{"embeddable":true,"href":"https:\/\/zonaroja.com.mx\/index.php?rest_route=\/wp\/v2\/users\/2"}],"replies":[{"embeddable":true,"href":"https:\/\/zonaroja.com.mx\/index.php?rest_route=%2Fwp%2Fv2%2Fcomments&post=35546"}],"version-history":[{"count":1,"href":"https:\/\/zonaroja.com.mx\/index.php?rest_route=\/wp\/v2\/posts\/35546\/revisions"}],"predecessor-version":[{"id":35548,"href":"https:\/\/zonaroja.com.mx\/index.php?rest_route=\/wp\/v2\/posts\/35546\/revisions\/35548"}],"wp:featuredmedia":[{"embeddable":true,"href":"https:\/\/zonaroja.com.mx\/index.php?rest_route=\/wp\/v2\/media\/35547"}],"wp:attachment":[{"href":"https:\/\/zonaroja.com.mx\/index.php?rest_route=%2Fwp%2Fv2%2Fmedia&parent=35546"}],"wp:term":[{"taxonomy":"category","embeddable":true,"href":"https:\/\/zonaroja.com.mx\/index.php?rest_route=%2Fwp%2Fv2%2Fcategories&post=35546"},{"taxonomy":"post_tag","embeddable":true,"href":"https:\/\/zonaroja.com.mx\/index.php?rest_route=%2Fwp%2Fv2%2Ftags&post=35546"}],"curies":[{"name":"wp","href":"https:\/\/api.w.org\/{rel}","templated":true}]}}