{"id":35549,"date":"2021-12-20T08:04:23","date_gmt":"2021-12-20T14:04:23","guid":{"rendered":"http:\/\/www.zonaroja.com.mx\/?p=35549"},"modified":"2021-12-20T08:04:26","modified_gmt":"2021-12-20T14:04:26","slug":"fiestas-navidenas-irresponsabilidad-o-necesidad-economica","status":"publish","type":"post","link":"https:\/\/zonaroja.com.mx\/?p=35549","title":{"rendered":"Fiestas navide\u00f1as: \u00bfirresponsabilidad? O necesidad econ\u00f3mica"},"content":{"rendered":"\n<p>Ismael Garc\u00eda M.\/Zona Roja.<\/p>\n\n\n\n<p>Oaxaca de Ju\u00e1rez, Oax., 20 de diciembre de 2021.- O en Oaxaca ya pas\u00f3 el Covid-19 y nadie cree que pueda llegar la variante \u201c\u00d3micron\u201d o es mucha la urgencia de aprovechar la temporada navide\u00f1a para reactivar la econom\u00eda del estado.<\/p>\n\n\n\n<p>Es cierto que desde hace poco m\u00e1s de un mes, los casos del virus han descendido dr\u00e1sticamente; el promedio diario de casos positivos no ha rebasado los 40 y los decesos no han llegado a los 10, incluso ha habido d\u00edas en que no se reportan defunciones.<\/p>\n\n\n\n<p>Apenas este domingo, los Servicios de Salud de Oaxaca registraron un caso positivo y un deceso; en la \u00faltima semana, por ejemplo, se acumularon 162 contagiados y 16 fallecidos; desde que inici\u00f3 la pandemia, a mediados de marzo de 2019, a la fecha, suman 83 mil 820 personas que han cursado la enfermedad y cinco mil 640 que han perdido la vida.<\/p>\n\n\n\n<p>Sin embargo, eso no obsta para echar las campanas al vuelo y abrir, pr\u00e1cticamente, de par en par las puertas a todo tipo de actividades.<\/p>\n\n\n\n<p>La semana pasada, por ejemplo, muy orondo el secretario de Turismo, Juan Carlos Rivera Castellanos, anunci\u00f3 la realizaci\u00f3n de la festividad de la Noche de R\u00e1banos, versi\u00f3n que fue confirmada por el propio gobernador Alejandro Murat.<\/p>\n\n\n\n<p>Tan presuroso fue el anuncio que ni siquiera le dio tiempo a los hortelanos sembrar a tiempo y lograr una cosecha adecuada, para presentar obras artesanales el pr\u00f3ximo jueves 23 de diciembre.<\/p>\n\n\n\n<p>En tanto la Secretar\u00eda General de Gobierno no ha iniciado negociaciones con los grupos inconformes, para retirarse de los pasillos sur y oriente del z\u00f3calo capitalino, a fin de dar paso a la colocaci\u00f3n de los locales para exhibir las piezas a concursar.<\/p>\n\n\n\n<p>Pero no solamente es eso; las terminales de autobuses, las calles, los centros comerciales y el transporte p\u00fablico, por dar unos ejemplos, repleto de gente. Turistas cuyo n\u00famero paulatinamente aumenta en las calles de Oaxaca y que en su mayor\u00eda no porta cubreboca y mucho menos respeta la sana distancia.<\/p>\n\n\n\n<p>LAS RESTRICCIONES<\/p>\n\n\n\n<p>Sin discutir por ahora los saldos fatales a causa del virus, por la autoridad, estatal o federal no ha quedado en materia de prevenci\u00f3n, pues han advertido de los riesgos de salir masivamente a las calles, pues la pandemia sigue activa.<\/p>\n\n\n\n<p>El m\u00e1s reciente comunicado de los Servicios de Salud fue emitido el pasado 10 de noviembre, con motivo del denominado \u201cBuen fin\u201d, signado por la Direcci\u00f3n de Prevenci\u00f3n y Promoci\u00f3n de la Salud.<\/p>\n\n\n\n<p>Est\u00e1 dirigido a las autoridades de los 570 ayuntamientos &#8211;y sigue tan vigente hoy&#8211; y en ese documento advert\u00eda de un ligero incremento de casos, por lo cual les ped\u00eda reforzar las acciones para garantizar las medidas preventivas y evitar la concentraci\u00f3n masiva de personas que faciliten el contagio del Covid-19.<\/p>\n\n\n\n<p>Y destaca que quien no cumpla con esta instrucci\u00f3n, \u201ccomo autoridad municipal podr\u00e1 incurrir en responsabilidades, que podr\u00e1n ser sancionadas por parte del Congreso del Estado de Oaxaca, en los t\u00e9rminos que establece la Ley Org\u00e1nica Municipal y dem\u00e1s normatividad que resulten aplicables.<\/p>\n\n\n\n<p>\u201cAdem\u00e1s, se podr\u00e1 incurrir en la comisi\u00f3n de acciones probablemente delictuosas, como es la contemplada en el art\u00edculo 193, fracci\u00f3n I, del C\u00f3digo Penal de Oaxaca, que establece que se impondr\u00e1 prisi\u00f3n de uno a seis a\u00f1os, al que intencionalmente propague cualquier otra enfermedad, sean cuales fueren los medios de que se valga\u201d.<\/p>\n\n\n\n<p>Y en su comunicado de este domingo 19 de diciembre, la misma instituci\u00f3n estatal inform\u00f3 que \u201cen esta temporada de celebraciones navide\u00f1as, es importante que las familias eval\u00faen el nivel de riesgo al asistir o realizar alguna convivencia con personas de diferentes hogares en un espacio privado o p\u00fablico. Ya que est\u00e1 demostrado que la transmisi\u00f3n de Covid-19 se eleva en lugares donde la gente habla fuerte, grita o canta\u201d.<\/p>\n\n\n\n<p>NADA HALAG\u00dcE\u00d1O<\/p>\n\n\n\n<p>En el orbe, el panorama sigue siendo negro. Hasta el fin de semana, a nivel mundial hab\u00eda 274 millones 163 mil 483 casos confirmados y cinco millones 349 mil 355 fallecidos, de acuerdo con la Universidad Johns Hopkins.<\/p>\n\n\n\n<p>Mientras que en M\u00e9xico, hasta el domingo 19 de diciembre, se registraron como cifras totales 3 millones 933 mil 386 contagios y 297 mil 858 muertes.<\/p>\n\n\n\n<p>Tenemos a nivel mundial m\u00e1s de una docena de variantes del Covid y apenas el pasado fin de semana, la Organizaci\u00f3n Mundial de la Salud advirti\u00f3 que en el caso de \u201c\u00d3micron\u201d, se extiende r\u00e1pidamente ya a 89 pa\u00edses, en menos de un mes.<\/p>\n\n\n\n<p>Mientras que los Pa\u00edses Bajos optaron por confinarse durante Navidad, otras naciones europeas han tenido que retomar sus restricciones, por tercera ocasi\u00f3n.<\/p>\n\n\n\n<p>PRUNDENCIA O IMPRUDENCIA<\/p>\n\n\n\n<p>Sin embargo, en M\u00e9xico como en Oaxaca, pareciera que ninguna ola es m\u00e1s efectiva que el jolgorio\u2026 o que el desd\u00e9n de las autoridades.<\/p>\n\n\n\n<p>Es cierto, la pandemia devast\u00f3 varios sectores de la econom\u00eda; muchas personas perdieron el empleo; muchos negocios cerraron sus puertas; mucha gente no tuvo los ingresos suficientes para sostener un hogar, pese a lo que digan las cifras oficiales, que se han regodeado en que Oaxaca creci\u00f3 econ\u00f3micamente un promedio de cuatro por ciento, superior a la media nacional. Pero nada vale la pena para arriesgar la salud o la vida de las personas.<\/p>\n\n\n\n<p>Entonces, \u00bfQui\u00e9n ser\u00e1 el responsable de que haya m\u00e1s enfermos y m\u00e1s fallecimientos por Covid una vez que pasen las fiestas navide\u00f1as o de fin de a\u00f1o? Pero, sobre todo, \u00bfse les aplicar\u00e1 la ley a quienes promovieron los actos masivos? O seguir\u00e1n tan impunes como siempre.<\/p>\n","protected":false},"excerpt":{"rendered":"<p>Ismael Garc\u00eda M.\/Zona Roja. Oaxaca de Ju\u00e1rez, Oax., 20 de diciembre de 2021.- O en&hellip;<\/p>\n","protected":false},"author":2,"featured_media":7610,"comment_status":"closed","ping_status":"open","sticky":false,"template":"","format":"standard","meta":{"_lmt_disableupdate":"","_lmt_disable":"","_jetpack_memberships_contains_paid_content":false,"footnotes":""},"categories":[456,109,48],"tags":[1353],"class_list":["post-35549","post","type-post","status-publish","format-standard","has-post-thumbnail","hentry","category-columna","category-minuto-a-minuto","category-zona-critica","tag-opinion-zona-critica"],"jetpack_featured_media_url":"https:\/\/zonaroja.com.mx\/wp-content\/uploads\/2020\/01\/Opini\u00f3n-Zona-Cr\u00edtica.jpg","jetpack_sharing_enabled":true,"_links":{"self":[{"href":"https:\/\/zonaroja.com.mx\/index.php?rest_route=\/wp\/v2\/posts\/35549","targetHints":{"allow":["GET"]}}],"collection":[{"href":"https:\/\/zonaroja.com.mx\/index.php?rest_route=\/wp\/v2\/posts"}],"about":[{"href":"https:\/\/zonaroja.com.mx\/index.php?rest_route=\/wp\/v2\/types\/post"}],"author":[{"embeddable":true,"href":"https:\/\/zonaroja.com.mx\/index.php?rest_route=\/wp\/v2\/users\/2"}],"replies":[{"embeddable":true,"href":"https:\/\/zonaroja.com.mx\/index.php?rest_route=%2Fwp%2Fv2%2Fcomments&post=35549"}],"version-history":[{"count":2,"href":"https:\/\/zonaroja.com.mx\/index.php?rest_route=\/wp\/v2\/posts\/35549\/revisions"}],"predecessor-version":[{"id":35572,"href":"https:\/\/zonaroja.com.mx\/index.php?rest_route=\/wp\/v2\/posts\/35549\/revisions\/35572"}],"wp:featuredmedia":[{"embeddable":true,"href":"https:\/\/zonaroja.com.mx\/index.php?rest_route=\/wp\/v2\/media\/7610"}],"wp:attachment":[{"href":"https:\/\/zonaroja.com.mx\/index.php?rest_route=%2Fwp%2Fv2%2Fmedia&parent=35549"}],"wp:term":[{"taxonomy":"category","embeddable":true,"href":"https:\/\/zonaroja.com.mx\/index.php?rest_route=%2Fwp%2Fv2%2Fcategories&post=35549"},{"taxonomy":"post_tag","embeddable":true,"href":"https:\/\/zonaroja.com.mx\/index.php?rest_route=%2Fwp%2Fv2%2Ftags&post=35549"}],"curies":[{"name":"wp","href":"https:\/\/api.w.org\/{rel}","templated":true}]}}