{"id":3555,"date":"2019-08-31T08:36:56","date_gmt":"2019-08-31T13:36:56","guid":{"rendered":"http:\/\/www.zonaroja.com.mx\/?p=3555"},"modified":"2019-08-31T08:36:58","modified_gmt":"2019-08-31T13:36:58","slug":"fueron-cuatro-los-calcinados-en-tonameca-confirma-fiscalia","status":"publish","type":"post","link":"https:\/\/zonaroja.com.mx\/?p=3555","title":{"rendered":"Fueron cuatro los calcinados en Tonameca, confirma Fiscal\u00eda"},"content":{"rendered":"\n<p>Redacci\u00f3n\/Zona Roja.<\/p>\n\n\n\n<p>Oaxaca de Ju\u00e1rez, Oax., 31 de agosto de\n2019.- A cuatro ascendi\u00f3 el n\u00famero de personas asesinadas y calcinadas en el\ninterior de un veh\u00edculo localizado en el municipio de Santa Mar\u00eda Tonameca,\nconfirm\u00f3 la Fiscal\u00eda General del Estado.<\/p>\n\n\n\n<p>De acuerdo con un comunicado, la unidad\nde motor fue localizada sobre la carretera que conduce a la poblaci\u00f3n de\nSoluta, Tonameca, en la regi\u00f3n de la Costa.<\/p>\n\n\n\n<p>\u201cDe acuerdo con reportes policiales, la\nma\u00f1ana de este viernes 30 de agosto, se dio aviso a las autoridades de\nseguridad que sobre la citada v\u00eda se encontraba incendi\u00e1ndose un veh\u00edculo de\nmotor, por lo que al lugar se trasladaron diversas corporaciones para atender\neste incendio, percat\u00e1ndose que al interior de la unidad se encontraban restos\nhumanos\u201d, detall\u00f3.<\/p>\n\n\n\n<p>Por estos hechos, a trav\u00e9s de la\nVicesfical\u00eda Regional de la Costa y del Instituto de Servicios Periciales,\ninici\u00f3 la investigaci\u00f3n correspondiente, trasladando a la zona peritos\nespecializados en las disciplinas de antropolog\u00eda, incendios, odontolog\u00eda,\ngen\u00e9tica, qu\u00edmica, medicina y criminal\u00edstica, as\u00ed como agentes estatales de\ninvestigaci\u00f3n, a fin de evitar la manipulaci\u00f3n, alteraci\u00f3n y contaminaci\u00f3n de los\nindicios biol\u00f3gicos de los cuerpos.<\/p>\n\n\n\n<p>\u201cTras la diligencia llevada a cabo, se\nestableci\u00f3 la presencia de cr\u00e1neos y huesos p\u00e9lvicos, que correspond\u00edan a la\nexistencia de cuatro cuerpos totalmente carbonizados, mismos que ser\u00e1n\nanalizados por peritos para determinar su identidad, a trav\u00e9s de estudios de\ngen\u00e9tica forense\u201d, expuso.<\/p>\n\n\n\n<p>Por otra parte, en marzo pasado ocurri\u00f3\nun hecho similar en dicho municipio, con tres personas calcinadas; a la fecha\nno hay ninguna persona detenida ni avance en las investigaciones.<\/p>\n","protected":false},"excerpt":{"rendered":"<p>Redacci\u00f3n\/Zona Roja. Oaxaca de Ju\u00e1rez, Oax., 31 de agosto de 2019.- A cuatro ascendi\u00f3 el&hellip;<\/p>\n","protected":false},"author":2,"featured_media":3547,"comment_status":"closed","ping_status":"open","sticky":false,"template":"","format":"standard","meta":{"_lmt_disableupdate":"","_lmt_disable":"","_jetpack_memberships_contains_paid_content":false,"footnotes":""},"categories":[109,51],"tags":[645],"class_list":["post-3555","post","type-post","status-publish","format-standard","has-post-thumbnail","hentry","category-minuto-a-minuto","category-zona-roja","tag-santa-maria-tonameca"],"jetpack_featured_media_url":"https:\/\/zonaroja.com.mx\/wp-content\/uploads\/2019\/08\/20519bea-0102-406f-a03e-aec8e353e2d3.jpg","jetpack_sharing_enabled":true,"_links":{"self":[{"href":"https:\/\/zonaroja.com.mx\/index.php?rest_route=\/wp\/v2\/posts\/3555","targetHints":{"allow":["GET"]}}],"collection":[{"href":"https:\/\/zonaroja.com.mx\/index.php?rest_route=\/wp\/v2\/posts"}],"about":[{"href":"https:\/\/zonaroja.com.mx\/index.php?rest_route=\/wp\/v2\/types\/post"}],"author":[{"embeddable":true,"href":"https:\/\/zonaroja.com.mx\/index.php?rest_route=\/wp\/v2\/users\/2"}],"replies":[{"embeddable":true,"href":"https:\/\/zonaroja.com.mx\/index.php?rest_route=%2Fwp%2Fv2%2Fcomments&post=3555"}],"version-history":[{"count":1,"href":"https:\/\/zonaroja.com.mx\/index.php?rest_route=\/wp\/v2\/posts\/3555\/revisions"}],"predecessor-version":[{"id":3556,"href":"https:\/\/zonaroja.com.mx\/index.php?rest_route=\/wp\/v2\/posts\/3555\/revisions\/3556"}],"wp:featuredmedia":[{"embeddable":true,"href":"https:\/\/zonaroja.com.mx\/index.php?rest_route=\/wp\/v2\/media\/3547"}],"wp:attachment":[{"href":"https:\/\/zonaroja.com.mx\/index.php?rest_route=%2Fwp%2Fv2%2Fmedia&parent=3555"}],"wp:term":[{"taxonomy":"category","embeddable":true,"href":"https:\/\/zonaroja.com.mx\/index.php?rest_route=%2Fwp%2Fv2%2Fcategories&post=3555"},{"taxonomy":"post_tag","embeddable":true,"href":"https:\/\/zonaroja.com.mx\/index.php?rest_route=%2Fwp%2Fv2%2Ftags&post=3555"}],"curies":[{"name":"wp","href":"https:\/\/api.w.org\/{rel}","templated":true}]}}