{"id":35566,"date":"2021-12-20T07:43:50","date_gmt":"2021-12-20T13:43:50","guid":{"rendered":"http:\/\/www.zonaroja.com.mx\/?p=35566"},"modified":"2021-12-20T07:43:53","modified_gmt":"2021-12-20T13:43:53","slug":"irresponsabilidad-de-elementos-de-la-aei-causan-accidentes","status":"publish","type":"post","link":"https:\/\/zonaroja.com.mx\/?p=35566","title":{"rendered":"Irresponsabilidad de elementos de la AEI causan accidentes"},"content":{"rendered":"\n<p>Redacci\u00f3n\/Zona Roja.<\/p>\n\n\n\n<p>Oaxaca de Ju\u00e1rez, Oax., 20 de diciembre de 2021.- No cumplen a tiempo ni en forma con su labor, pero s\u00ed con las irresponsabilidades.<\/p>\n\n\n\n<p>Son los elementos de la Agencia Estatal de Investigaciones (AEI), dependiente de la Fiscal\u00eda General del Estado de Oaxaca, que en los \u00faltimos d\u00edas han protagonizado dos percances, uno de ellos con funcionarios en estado de ebriedad.<\/p>\n\n\n\n<p>La noche del viernes en Asunci\u00f3n Nochixtl\u00e1n, d\u00f3nde se encuentra comisionado, el agente V\u00edctor Manuel C. L., con placa 7-26 y al parecer en estado de ebriedad, tuvo un accidente.<\/p>\n\n\n\n<p>El conocido como \u201cEl Metro\u201d conduc\u00eda una unidad de motor de color negro y en c\u00e9ntrica calle de ese municipio de la regi\u00f3n Mixteca, tuvo el percance automovil\u00edstico, del cual tom\u00f3 conocimiento personal de la polic\u00eda municipal.<\/p>\n\n\n\n<p>La noche del pasado jueves, un elemento de la AEI con placa 1001 se desplazaba en una unidad de motor en la carretera federal 175, en jurisdicci\u00f3n de Ejutla de Crespo.<\/p>\n\n\n\n<p>Pero de pronto perdi\u00f3 el control del veh\u00edculo de la unidad de motor y por lo cual volc\u00f3, quedando lesionado el polic\u00eda. El agente investigador fue auxiliado y trasladado a un hospital, donde recibe asistencia y del accidente tom\u00f3 conocimiento la autoridad ministerial.<\/p>\n","protected":false},"excerpt":{"rendered":"<p>Redacci\u00f3n\/Zona Roja. Oaxaca de Ju\u00e1rez, Oax., 20 de diciembre de 2021.- No cumplen a tiempo&hellip;<\/p>\n","protected":false},"author":2,"featured_media":35564,"comment_status":"closed","ping_status":"open","sticky":false,"template":"","format":"standard","meta":{"_lmt_disableupdate":"","_lmt_disable":"","_jetpack_memberships_contains_paid_content":false,"footnotes":""},"categories":[109,47],"tags":[1709],"class_list":["post-35566","post","type-post","status-publish","format-standard","has-post-thumbnail","hentry","category-minuto-a-minuto","category-zona-gris","tag-agencia-estatal-de-investigaciones-aei"],"jetpack_featured_media_url":"https:\/\/zonaroja.com.mx\/wp-content\/uploads\/2021\/12\/Accidente-AEI-Nochixtlan.jpg","jetpack_sharing_enabled":true,"_links":{"self":[{"href":"https:\/\/zonaroja.com.mx\/index.php?rest_route=\/wp\/v2\/posts\/35566","targetHints":{"allow":["GET"]}}],"collection":[{"href":"https:\/\/zonaroja.com.mx\/index.php?rest_route=\/wp\/v2\/posts"}],"about":[{"href":"https:\/\/zonaroja.com.mx\/index.php?rest_route=\/wp\/v2\/types\/post"}],"author":[{"embeddable":true,"href":"https:\/\/zonaroja.com.mx\/index.php?rest_route=\/wp\/v2\/users\/2"}],"replies":[{"embeddable":true,"href":"https:\/\/zonaroja.com.mx\/index.php?rest_route=%2Fwp%2Fv2%2Fcomments&post=35566"}],"version-history":[{"count":1,"href":"https:\/\/zonaroja.com.mx\/index.php?rest_route=\/wp\/v2\/posts\/35566\/revisions"}],"predecessor-version":[{"id":35567,"href":"https:\/\/zonaroja.com.mx\/index.php?rest_route=\/wp\/v2\/posts\/35566\/revisions\/35567"}],"wp:featuredmedia":[{"embeddable":true,"href":"https:\/\/zonaroja.com.mx\/index.php?rest_route=\/wp\/v2\/media\/35564"}],"wp:attachment":[{"href":"https:\/\/zonaroja.com.mx\/index.php?rest_route=%2Fwp%2Fv2%2Fmedia&parent=35566"}],"wp:term":[{"taxonomy":"category","embeddable":true,"href":"https:\/\/zonaroja.com.mx\/index.php?rest_route=%2Fwp%2Fv2%2Fcategories&post=35566"},{"taxonomy":"post_tag","embeddable":true,"href":"https:\/\/zonaroja.com.mx\/index.php?rest_route=%2Fwp%2Fv2%2Ftags&post=35566"}],"curies":[{"name":"wp","href":"https:\/\/api.w.org\/{rel}","templated":true}]}}