{"id":3557,"date":"2019-08-31T10:10:16","date_gmt":"2019-08-31T15:10:16","guid":{"rendered":"http:\/\/www.zonaroja.com.mx\/?p=3557"},"modified":"2019-08-31T10:10:18","modified_gmt":"2019-08-31T15:10:18","slug":"planea-lopez-obrador-otorgar-amnistia-a-presos-de-mexico","status":"publish","type":"post","link":"https:\/\/zonaroja.com.mx\/?p=3557","title":{"rendered":"Planea L\u00f3pez Obrador otorgar amnist\u00eda a presos de M\u00e9xico"},"content":{"rendered":"\n<p>Redacci\u00f3n\/Zona Roja Cdmx.<\/p>\n\n\n\n<p>Ciudad de M\u00e9xico, 31 de agosto de 2019.-\nEste 1 de septiembre, el Presidente de M\u00e9xico, Andr\u00e9s Manuel L\u00f3pez Obrador,\npresentar\u00e1 al Congreso federal un proyecto de Ley de Amnist\u00eda, que contempla el\nperd\u00f3n de presos por delitos menores. <\/p>\n\n\n\n<p>No contempla beneficiar a los grandes\ncriminales sino a aquellas personas que fueron acusadas injustamente o bien que\nno tuvieron recursos para una defensa adecuada.<\/p>\n\n\n\n<p>De acuerdo con el diario \u201cReforma\u201d, el\nconsejero jur\u00eddico de la Presidencia, Julio Scherer Ibarra, confirm\u00f3 ante la\nbancada de Morena en el Senado que s\u00ed habr\u00e1 una Ley de Amnist\u00eda, como ley\npreferente del Ejecutivo para su desahogo inmediato. <\/p>\n\n\n\n<p>Tras sostener una reuni\u00f3n con el Grupo\nParlamentario de Morena en el Senado, Alfonso Durazo, Secretario de Seguridad y\nProtecci\u00f3n Ciudadana, asegur\u00f3 que entre los beneficiarios de la iniciativa\npodr\u00edan estar ind\u00edgenas y aquellas personas que fueron usadas por el crimen\norganizado para transportar peque\u00f1as dosis de droga.<\/p>\n\n\n\n<p>\u201cPersonas que bajo la presi\u00f3n, la\nextorsi\u00f3n de grupos criminales, han transportado peque\u00f1as dosis de droga y que\nest\u00e9n ah\u00ed. Personas que no tienen recursos para pagar un proceso jur\u00eddico,\npersonas ind\u00edgenas\u201d, indic\u00f3 en entrevista.<\/p>\n\n\n\n<p>\u201cHay un n\u00famero muy importante de\nind\u00edgenas en los penales del Pa\u00eds, para que se den idea, debe haber alrededor\nde siete mil personas ind\u00edgenas que est\u00e1n presas\u201d. <\/p>\n\n\n\n<p>Durazo precis\u00f3 que M\u00e9xico tiene\nsuscritos acuerdos internacionales que impiden o limitan la posibilidad de\notorgar amnist\u00eda a aquellos criminales que hayan atentado de manera grave\ncontra la sociedad.<\/p>\n\n\n\n<p>\u201cConsecuentemente, los grandes\ncriminales no tienen ninguna posibilidad de entrar entre los beneficiarios de\nesta iniciativa\u201d, afirm\u00f3.<\/p>\n\n\n\n<p>Al respecto, el senador Ricardo Monreal\nafirm\u00f3 que la Ley es clave para impulsar la reconciliaci\u00f3n. <\/p>\n\n\n\n<p>\u201cDesde nuestro punto de vista, la Ley\nde Amnist\u00eda es clave para establecer un proceso de paz, de reconciliaci\u00f3n y de\narmon\u00eda en una sociedad violentada\u201d, destac\u00f3 el coordinador parlamentario.<\/p>\n\n\n\n<p>La senadora Mal\u00fa Micher, promotora de\nla ley, coincidi\u00f3 en que podr\u00edan ser liberados miles tras una injusta\nencarcelaci\u00f3n.<\/p>\n\n\n\n<p>\u201cSon miles que, si son liberados, no\nda\u00f1an a la seguridad de este Pa\u00eds\u201d, asegur\u00f3. <\/p>\n\n\n\n<p>Por esa raz\u00f3n, se\u00f1al\u00f3 la legisladora,\nen los estados tendr\u00eda que armonizarse dicha ley para crearse una Ley de\nAmnist\u00eda Estatal.<\/p>\n","protected":false},"excerpt":{"rendered":"<p>Redacci\u00f3n\/Zona Roja Cdmx. Ciudad de M\u00e9xico, 31 de agosto de 2019.- Este 1 de septiembre,&hellip;<\/p>\n","protected":false},"author":2,"featured_media":3558,"comment_status":"closed","ping_status":"open","sticky":false,"template":"","format":"standard","meta":{"_lmt_disableupdate":"","_lmt_disable":"","_jetpack_memberships_contains_paid_content":false,"footnotes":""},"categories":[109,47],"tags":[143],"class_list":["post-3557","post","type-post","status-publish","format-standard","has-post-thumbnail","hentry","category-minuto-a-minuto","category-zona-gris","tag-andres-manuel-lopez-obrador"],"jetpack_featured_media_url":"https:\/\/zonaroja.com.mx\/wp-content\/uploads\/2019\/08\/AMLO.jpg","jetpack_sharing_enabled":true,"_links":{"self":[{"href":"https:\/\/zonaroja.com.mx\/index.php?rest_route=\/wp\/v2\/posts\/3557","targetHints":{"allow":["GET"]}}],"collection":[{"href":"https:\/\/zonaroja.com.mx\/index.php?rest_route=\/wp\/v2\/posts"}],"about":[{"href":"https:\/\/zonaroja.com.mx\/index.php?rest_route=\/wp\/v2\/types\/post"}],"author":[{"embeddable":true,"href":"https:\/\/zonaroja.com.mx\/index.php?rest_route=\/wp\/v2\/users\/2"}],"replies":[{"embeddable":true,"href":"https:\/\/zonaroja.com.mx\/index.php?rest_route=%2Fwp%2Fv2%2Fcomments&post=3557"}],"version-history":[{"count":1,"href":"https:\/\/zonaroja.com.mx\/index.php?rest_route=\/wp\/v2\/posts\/3557\/revisions"}],"predecessor-version":[{"id":3559,"href":"https:\/\/zonaroja.com.mx\/index.php?rest_route=\/wp\/v2\/posts\/3557\/revisions\/3559"}],"wp:featuredmedia":[{"embeddable":true,"href":"https:\/\/zonaroja.com.mx\/index.php?rest_route=\/wp\/v2\/media\/3558"}],"wp:attachment":[{"href":"https:\/\/zonaroja.com.mx\/index.php?rest_route=%2Fwp%2Fv2%2Fmedia&parent=3557"}],"wp:term":[{"taxonomy":"category","embeddable":true,"href":"https:\/\/zonaroja.com.mx\/index.php?rest_route=%2Fwp%2Fv2%2Fcategories&post=3557"},{"taxonomy":"post_tag","embeddable":true,"href":"https:\/\/zonaroja.com.mx\/index.php?rest_route=%2Fwp%2Fv2%2Ftags&post=3557"}],"curies":[{"name":"wp","href":"https:\/\/api.w.org\/{rel}","templated":true}]}}