{"id":35578,"date":"2021-12-20T15:04:46","date_gmt":"2021-12-20T21:04:46","guid":{"rendered":"http:\/\/www.zonaroja.com.mx\/?p=35578"},"modified":"2021-12-20T15:04:49","modified_gmt":"2021-12-20T21:04:49","slug":"van-85-feminicidios-este-ano-en-oaxaca-el-70-6-son-adultas","status":"publish","type":"post","link":"https:\/\/zonaroja.com.mx\/?p=35578","title":{"rendered":"Van 85 feminicidios este a\u00f1o en Oaxaca; el 70.6% son adultas"},"content":{"rendered":"\n<p>Redacci\u00f3n\/Zona Roja.<\/p>\n\n\n\n<p>Oaxaca de Ju\u00e1rez, Oax., 20 de diciembre de 2021.- De 85 feminicidios perpetrados en el estado de Oaxaca del 1 de enero al 4 de diciembre de 2021 en los que la edad de las v\u00edctimas es conocida, la mayor\u00eda corresponden a mujeres entre los 18 y 70 a\u00f1os, representando el 70.6% del total de casos.<\/p>\n\n\n\n<p>Mientras que de 491 muertes violentas de mujeres cometidas del 1 de diciembre de 2016 al 31 de diciembre de 2020, esta cifra represent\u00f3 el 59.8%.<\/p>\n\n\n\n<p>De acuerdo a la informaci\u00f3n hemerogr\u00e1fica de la Plataforma de Violencia Feminicida de Consorcio para el Di\u00e1logo Parlamentario y la Equidad, entre las mujeres adultas j\u00f3venes, la incidencia de esta categor\u00eda de violencia en el rango de edad desde los 18 a los 50 a\u00f1os alcanza el 51.8% de todos los casos registrados.<\/p>\n\n\n\n<p>Las mujeres adultas mayores de 50 a\u00f1os siguen en el rango de edad con mayor incidencia de feminicidios, representando el 18.8% de la incidencia total<\/p>\n\n\n\n<p>Por lo que se refiere a ni\u00f1as y adolescentes menores de 18 a\u00f1os representan el 4.7% del total de la incidencia de los casos de feminicidios para este a\u00f1o.<\/p>\n\n\n\n<p>Cabe mencionar que en casi el 25% de los casos registrados la edad de la v\u00edctima no se conoce y que en el 43% la forma de violencia que caus\u00f3 la muerte no es descrita o registrada, siendo muchos de estos casos de mujeres que fueron encontradas abandonadas o mucho tiempo despu\u00e9s de la muerte.<\/p>\n\n\n\n<p>(Comunicado)<\/p>\n","protected":false},"excerpt":{"rendered":"<p>Redacci\u00f3n\/Zona Roja. Oaxaca de Ju\u00e1rez, Oax., 20 de diciembre de 2021.- De 85 feminicidios perpetrados&hellip;<\/p>\n","protected":false},"author":2,"featured_media":34738,"comment_status":"closed","ping_status":"open","sticky":false,"template":"","format":"standard","meta":{"_lmt_disableupdate":"","_lmt_disable":"","_jetpack_memberships_contains_paid_content":false,"footnotes":""},"categories":[109,47],"tags":[610],"class_list":["post-35578","post","type-post","status-publish","format-standard","has-post-thumbnail","hentry","category-minuto-a-minuto","category-zona-gris","tag-feminicidios-oaxaca"],"jetpack_featured_media_url":"https:\/\/zonaroja.com.mx\/wp-content\/uploads\/2021\/11\/Feminicidios-violencia-mujer-Oaxaca-1.jpg","jetpack_sharing_enabled":true,"_links":{"self":[{"href":"https:\/\/zonaroja.com.mx\/index.php?rest_route=\/wp\/v2\/posts\/35578","targetHints":{"allow":["GET"]}}],"collection":[{"href":"https:\/\/zonaroja.com.mx\/index.php?rest_route=\/wp\/v2\/posts"}],"about":[{"href":"https:\/\/zonaroja.com.mx\/index.php?rest_route=\/wp\/v2\/types\/post"}],"author":[{"embeddable":true,"href":"https:\/\/zonaroja.com.mx\/index.php?rest_route=\/wp\/v2\/users\/2"}],"replies":[{"embeddable":true,"href":"https:\/\/zonaroja.com.mx\/index.php?rest_route=%2Fwp%2Fv2%2Fcomments&post=35578"}],"version-history":[{"count":1,"href":"https:\/\/zonaroja.com.mx\/index.php?rest_route=\/wp\/v2\/posts\/35578\/revisions"}],"predecessor-version":[{"id":35579,"href":"https:\/\/zonaroja.com.mx\/index.php?rest_route=\/wp\/v2\/posts\/35578\/revisions\/35579"}],"wp:featuredmedia":[{"embeddable":true,"href":"https:\/\/zonaroja.com.mx\/index.php?rest_route=\/wp\/v2\/media\/34738"}],"wp:attachment":[{"href":"https:\/\/zonaroja.com.mx\/index.php?rest_route=%2Fwp%2Fv2%2Fmedia&parent=35578"}],"wp:term":[{"taxonomy":"category","embeddable":true,"href":"https:\/\/zonaroja.com.mx\/index.php?rest_route=%2Fwp%2Fv2%2Fcategories&post=35578"},{"taxonomy":"post_tag","embeddable":true,"href":"https:\/\/zonaroja.com.mx\/index.php?rest_route=%2Fwp%2Fv2%2Ftags&post=35578"}],"curies":[{"name":"wp","href":"https:\/\/api.w.org\/{rel}","templated":true}]}}