{"id":35581,"date":"2021-12-20T19:09:52","date_gmt":"2021-12-21T01:09:52","guid":{"rendered":"http:\/\/www.zonaroja.com.mx\/?p=35581"},"modified":"2021-12-20T19:09:55","modified_gmt":"2021-12-21T01:09:55","slug":"aprueba-congreso-comparecencias-de-funcionarios-del-gobierno-de-oaxaca","status":"publish","type":"post","link":"https:\/\/zonaroja.com.mx\/?p=35581","title":{"rendered":"Aprueba Congreso comparecencias de funcionarios del gobierno de Oaxaca"},"content":{"rendered":"\n<p>Redacci\u00f3n\/Zona Roja.<\/p>\n\n\n\n<p>Oaxaca de Ju\u00e1rez, Oax., 20 de diciembre de 2021.- La 65 Legislatura del Congreso Local aprob\u00f3 el calendario de comparecencias para citar a las y los titulares de las secretar\u00edas del Estado a que rindan cuentas en el marco del Quinto Informe de Gobierno.<\/p>\n\n\n\n<p>En Sesi\u00f3n Extraordinaria, la diputaci\u00f3n oaxaque\u00f1a aval\u00f3 el acuerdo de la Junta de Coordinaci\u00f3n Pol\u00edtica (Jucopo), que consiste en fechas para que el funcionariado estatal rinda cuentas ante esta Soberan\u00eda.<\/p>\n\n\n\n<p>El d\u00eda 11 de enero comparecer\u00e1 la Secretar\u00eda General de Gobierno a las 10:00 horas y la Secretar\u00eda de Seguridad P\u00fablica a las 14:00 horas.<\/p>\n\n\n\n<p>En tanto, la Secretar\u00eda de las Infraestructuras y el Ordenamiento Territorial Sustentable, har\u00e1 lo propio el d\u00eda 13 de enero a las 09:00 horas, la de Movilidad a las 13:00 horas y la Secretar\u00eda de las Culturas y Artes de Oaxaca a las 17:00 horas.<\/p>\n\n\n\n<p>El 18 de enero rendir\u00e1 cuentas la Secretar\u00eda de Bienestar del Estado de Oaxaca a las 10:00 y la Secretar\u00eda de Pueblos Ind\u00edgenas y Afromexicano a las 14:00 horas.<\/p>\n\n\n\n<p>La Secretar\u00eda de Administraci\u00f3n se presentar\u00e1 el 20 de enero a las 10:00 horas, en tanto, la Secretar\u00eda de Turismo a las 13:00 horas y la Secretar\u00eda de las Mujeres de Oaxaca a las 17:00 horas.<\/p>\n\n\n\n<figure class=\"wp-block-embed is-type-rich is-provider-twitter wp-block-embed-twitter\"><div class=\"wp-block-embed__wrapper\">\n<div class=\"twitter-tweet\"><blockquote class=\"twitter-tweet\" data-lang=\"es\"><p lang=\"es\" dir=\"ltr\"><a href=\"https:\/\/twitter.com\/hashtag\/%C3%9AltimoMinuto?src=hash&amp;ref_src=twsrc%5Etfw\">#\u00daltimoMinuto<\/a> <br>En una primera sesi\u00f3n extraordinaria de este lunes, el pleno del <a href=\"https:\/\/twitter.com\/CongresoOaxaca_?ref_src=twsrc%5Etfw\">@CongresoOaxaca_<\/a> aprueba el calendario de comparecencia de titulares de dependencias del <a href=\"https:\/\/twitter.com\/GobOax?ref_src=twsrc%5Etfw\">@goboax<\/a>, como parte de la glosa del V Informe de Gobierno. <a href=\"https:\/\/t.co\/rODw7bXdso\">pic.twitter.com\/rODw7bXdso<\/a><\/p>&mdash; Zona Roja Oaxaca (@Zona_Roja_Oax) <a href=\"https:\/\/twitter.com\/Zona_Roja_Oax\/status\/1473072126710198277?ref_src=twsrc%5Etfw\">20 de diciembre de 2021<\/a><\/blockquote><\/div>\n<\/div><\/figure>\n\n\n\n<p>El d\u00eda 25 de enero, comparecer\u00e1 ante el Pleno la Secretar\u00eda del Medio Ambiente, Energ\u00edas y Desarrollo Sustentable a las 10:00 horas y la Secretar\u00eda de Desarrollo Agropecuario, Pesca y Acuacultura a las 14:00 horas.<\/p>\n\n\n\n<p>La Secretar\u00eda de la Contralor\u00eda y Transparencia Gubernamental, har\u00e1 lo correspondiente el 17 de enero a las 09:00 horas, el Instituto Estatal de Educaci\u00f3n P\u00fablica de Oaxaca a las 13:00 horas y la Secretar\u00eda de Econom\u00eda a las 17:00 horas.<\/p>\n\n\n\n<p>El 1 de febrero se presentar\u00e1 el Instituto Oaxaque\u00f1o Constructor de Infraestructura F\u00edsica Educativa a las 10:00 horas, Caminos y Aeropistas de Oaxaca a las 14:00 horas y el 3 de febrero comparecer\u00e1 la Secretar\u00eda de Salud a las 10:00 horas y la Secretar\u00eda de Finanzas a las 14:00 horas.<\/p>\n\n\n\n<p>El acuerdo establece que las comparecencias se realizar\u00e1n en el Pleno, entre las comisiones y el servidor o servidora p\u00fablica. Las y los comparecientes remitir\u00e1n al Congreso la informaci\u00f3n documentada y digital de su respectiva comparecencia.<\/p>\n\n\n\n<p>Durante el acto de rendici\u00f3n de cuentas, cada Grupo Parlamentario tendr\u00e1 la oportunidad de intervenir para fijar su posicionamiento.<\/p>\n","protected":false},"excerpt":{"rendered":"<p>Redacci\u00f3n\/Zona Roja. Oaxaca de Ju\u00e1rez, Oax., 20 de diciembre de 2021.- La 65 Legislatura del&hellip;<\/p>\n","protected":false},"author":2,"featured_media":35582,"comment_status":"closed","ping_status":"open","sticky":false,"template":"","format":"standard","meta":{"_lmt_disableupdate":"","_lmt_disable":"","_jetpack_memberships_contains_paid_content":false,"footnotes":""},"categories":[109,46],"tags":[2743],"class_list":["post-35581","post","type-post","status-publish","format-standard","has-post-thumbnail","hentry","category-minuto-a-minuto","category-zona-blanca","tag-65-legislatura-del-estado-de-oaxaca"],"jetpack_featured_media_url":"https:\/\/zonaroja.com.mx\/wp-content\/uploads\/2021\/12\/Aprueba-Congreso-rendicion-de-cuentas-de-las-y-los-titulares-estatales-por-Quinto-Informe.jpeg","jetpack_sharing_enabled":true,"_links":{"self":[{"href":"https:\/\/zonaroja.com.mx\/index.php?rest_route=\/wp\/v2\/posts\/35581","targetHints":{"allow":["GET"]}}],"collection":[{"href":"https:\/\/zonaroja.com.mx\/index.php?rest_route=\/wp\/v2\/posts"}],"about":[{"href":"https:\/\/zonaroja.com.mx\/index.php?rest_route=\/wp\/v2\/types\/post"}],"author":[{"embeddable":true,"href":"https:\/\/zonaroja.com.mx\/index.php?rest_route=\/wp\/v2\/users\/2"}],"replies":[{"embeddable":true,"href":"https:\/\/zonaroja.com.mx\/index.php?rest_route=%2Fwp%2Fv2%2Fcomments&post=35581"}],"version-history":[{"count":1,"href":"https:\/\/zonaroja.com.mx\/index.php?rest_route=\/wp\/v2\/posts\/35581\/revisions"}],"predecessor-version":[{"id":35583,"href":"https:\/\/zonaroja.com.mx\/index.php?rest_route=\/wp\/v2\/posts\/35581\/revisions\/35583"}],"wp:featuredmedia":[{"embeddable":true,"href":"https:\/\/zonaroja.com.mx\/index.php?rest_route=\/wp\/v2\/media\/35582"}],"wp:attachment":[{"href":"https:\/\/zonaroja.com.mx\/index.php?rest_route=%2Fwp%2Fv2%2Fmedia&parent=35581"}],"wp:term":[{"taxonomy":"category","embeddable":true,"href":"https:\/\/zonaroja.com.mx\/index.php?rest_route=%2Fwp%2Fv2%2Fcategories&post=35581"},{"taxonomy":"post_tag","embeddable":true,"href":"https:\/\/zonaroja.com.mx\/index.php?rest_route=%2Fwp%2Fv2%2Ftags&post=35581"}],"curies":[{"name":"wp","href":"https:\/\/api.w.org\/{rel}","templated":true}]}}