{"id":35589,"date":"2021-12-20T21:21:24","date_gmt":"2021-12-21T03:21:24","guid":{"rendered":"http:\/\/www.zonaroja.com.mx\/?p=35589"},"modified":"2021-12-20T21:21:27","modified_gmt":"2021-12-21T03:21:27","slug":"denuncian-destruccion-de-humedales-en-manialtepec-preven-bloqueos-en-la-costa","status":"publish","type":"post","link":"https:\/\/zonaroja.com.mx\/?p=35589","title":{"rendered":"Denuncian destrucci\u00f3n de humedales en Manialtepec; prev\u00e9n bloqueos en la Costa"},"content":{"rendered":"\n<p>Yuridiana Sosa\/Zona Roja.<\/p>\n\n\n\n<p>Oaxaca de Ju\u00e1rez, Oax., 20 de diciembre de 2021.- M\u00e1s de 200 metros de longitud de la zona lagunar de Manialtepec, en la Costa de Oaxaca, son arrasadas desmedidamente por un proyecto particular, sin que las autoridades municipales ni estatales, en materia de medio ambiente, intervengan.<\/p>\n\n\n\n<p>As\u00ed lo denunciaron pobladores de las comunidades aleda\u00f1as a esta franja afectada, quienes hartos de los da\u00f1os al ecosistema, instalar\u00e1n un bloqueo indefinido en la carretera federal 200, en inmediaciones de la localidad Las Negras de San Pedro Mixtepec, a partir del 22 de diciembre.<\/p>\n\n\n\n<p>Los defensores de los humedales de la laguna de Manialtepec denunciaron que esta afectaci\u00f3n es ocasionada por el ciudadano Javier Santos R\u00edos &#8211;perteneciente al municipio de Villa de Tututepec- quien es prestador de servicios tur\u00edsticos y est\u00e1 presuntamente relacionado a grupos delictivos en la zona, por lo que las poblaciones temen por su seguridad.<\/p>\n\n\n\n<p>El da\u00f1o ocasionado con maquinaria pesada es una brecha que tiene aproximadamente cinco metros de ancho y 200 metros de longitud, por lo que se realiza dep\u00f3sito de relleno sobre los manglares, as\u00ed como vierten tierra de forma directa a la laguna.<\/p>\n\n\n\n<p>Los ciudadanos exigieron la intervenci\u00f3n y clausura de los trabajos por parte de la Procuradur\u00eda Federal de Protecci\u00f3n al Ambiente (Profepa) y sanci\u00f3n al responsable de estos actos, as\u00ed como responsabilidad jur\u00eddica para los involucrados en este proyecto.<\/p>\n\n\n\n<p>Para evitar mayores da\u00f1os, demandan el retiro inmediato del material vertido en los humedales y la laguna.<\/p>\n\n\n\n<p>Estos actos contra la zona de humedales ya fueron denunciados ante las autoridades de San Pedro Mixtepec y ante la Profepa en Oaxaca, sin embargo, ahora demandan que sea la instancia a nivel nacional la que atienda este problema.<\/p>\n","protected":false},"excerpt":{"rendered":"<p>Yuridiana Sosa\/Zona Roja. Oaxaca de Ju\u00e1rez, Oax., 20 de diciembre de 2021.- M\u00e1s de 200&hellip;<\/p>\n","protected":false},"author":2,"featured_media":35590,"comment_status":"closed","ping_status":"open","sticky":false,"template":"","format":"standard","meta":{"_lmt_disableupdate":"","_lmt_disable":"","_jetpack_memberships_contains_paid_content":false,"footnotes":""},"categories":[109,47],"tags":[2983],"class_list":["post-35589","post","type-post","status-publish","format-standard","has-post-thumbnail","hentry","category-minuto-a-minuto","category-zona-gris","tag-lagunas-de-manialtepec"],"jetpack_featured_media_url":"https:\/\/zonaroja.com.mx\/wp-content\/uploads\/2021\/12\/Manialtepec-destruccion-Costa-Oaxaca.jpg","jetpack_sharing_enabled":true,"_links":{"self":[{"href":"https:\/\/zonaroja.com.mx\/index.php?rest_route=\/wp\/v2\/posts\/35589","targetHints":{"allow":["GET"]}}],"collection":[{"href":"https:\/\/zonaroja.com.mx\/index.php?rest_route=\/wp\/v2\/posts"}],"about":[{"href":"https:\/\/zonaroja.com.mx\/index.php?rest_route=\/wp\/v2\/types\/post"}],"author":[{"embeddable":true,"href":"https:\/\/zonaroja.com.mx\/index.php?rest_route=\/wp\/v2\/users\/2"}],"replies":[{"embeddable":true,"href":"https:\/\/zonaroja.com.mx\/index.php?rest_route=%2Fwp%2Fv2%2Fcomments&post=35589"}],"version-history":[{"count":1,"href":"https:\/\/zonaroja.com.mx\/index.php?rest_route=\/wp\/v2\/posts\/35589\/revisions"}],"predecessor-version":[{"id":35591,"href":"https:\/\/zonaroja.com.mx\/index.php?rest_route=\/wp\/v2\/posts\/35589\/revisions\/35591"}],"wp:featuredmedia":[{"embeddable":true,"href":"https:\/\/zonaroja.com.mx\/index.php?rest_route=\/wp\/v2\/media\/35590"}],"wp:attachment":[{"href":"https:\/\/zonaroja.com.mx\/index.php?rest_route=%2Fwp%2Fv2%2Fmedia&parent=35589"}],"wp:term":[{"taxonomy":"category","embeddable":true,"href":"https:\/\/zonaroja.com.mx\/index.php?rest_route=%2Fwp%2Fv2%2Fcategories&post=35589"},{"taxonomy":"post_tag","embeddable":true,"href":"https:\/\/zonaroja.com.mx\/index.php?rest_route=%2Fwp%2Fv2%2Ftags&post=35589"}],"curies":[{"name":"wp","href":"https:\/\/api.w.org\/{rel}","templated":true}]}}