{"id":35602,"date":"2021-12-21T07:15:00","date_gmt":"2021-12-21T13:15:00","guid":{"rendered":"http:\/\/www.zonaroja.com.mx\/?p=35602"},"modified":"2021-12-21T07:52:04","modified_gmt":"2021-12-21T13:52:04","slug":"agreden-y-amenazan-de-muerte-a-ex-policia-de-cuilapam-que-denuncio-acoso-sexual","status":"publish","type":"post","link":"https:\/\/zonaroja.com.mx\/?p=35602","title":{"rendered":"Agreden y amenazan de muerte a ex polic\u00eda de Cuil\u00e1pam que denunci\u00f3 acoso sexual"},"content":{"rendered":"\n<p>Yuridiana Sosa\/Zona Roja.<\/p>\n\n\n\n<p>Oaxaca de Ju\u00e1rez, Oax., 21 de diciembre de 2021.- Desde propuestas transgresoras como \u201cla soluci\u00f3n est\u00e1 entre tus piernas\u201d, hasta amenazas sobre asesinarla frente a sus hijos, son parte de la violencia que recibe la ex polic\u00eda vial municipal de Cuil\u00e1pam de Guerrero, Oaxaca, Sara Elisa Montiel.<\/p>\n\n\n\n<p>Desde julio de este a\u00f1o, cuando ingres\u00f3 a la corporaci\u00f3n, hasta esta fecha, la mujer ha sido v\u00edctima de una serie de violencias por parte de autoridades municipales, que a pesar de denunciarlas a sus superiores y al presidente municipal, Diego de la Cruz, no se han detenido y por el contrario se agravaron este fin de semana pasado.<\/p>\n\n\n\n<p>La ex polic\u00eda detall\u00f3 a ZONA ROJA que desde los primeros d\u00edas de su incorporaci\u00f3n recibi\u00f3 acoso sexual del Comandante del Primer Turno, Roberto Ambrosio Bautista, quien le sentenci\u00f3 que si quer\u00eda llevar un ambiente laboral tranquilo \u201cla soluci\u00f3n la ten\u00eda entre sus piernas\u201d.<\/p>\n\n\n\n<p>Sara Elisa rechaz\u00f3 tajantemente la propuesta violenta del comandante y partir de ah\u00ed comenz\u00f3 un incesante acoso y hostigamiento laboral que deriv\u00f3 en una renuncia, pues de forma injustificada la ex polic\u00eda era arrestada por supuestas faltas en su labor, sin embargo, contra nadie m\u00e1s se aplicaban las supuestas reglas que la perjudicaban.<\/p>\n\n\n\n<p>Los arrestos, habitualmente en horarios de noche y que eran en jornadas laborales de Ambrosio Bautista, pasaron de cuatro a ocho horas. Los atrasos en sus salidas por estos castigos afectaban directamente a sus dos menores hijos al ser madre soltera, pues no pod\u00eda llegar a casa a temprana hora.<\/p>\n\n\n\n<p>Adem\u00e1s, que a\u00fan enferma de la garganta, el comandante la oblig\u00f3 a trabajar, a pesar de los riesgos que eso pudiera representar en la contingencia sanitaria, y despu\u00e9s arrestarla nuevamente al oponerse a actividades que pon\u00edan en riesgo su salud.<\/p>\n\n\n\n<p>Ante los distintos actos de violencia y acoso, Sara Elisa busc\u00f3 la intervenci\u00f3n del regidor de Seguridad P\u00fablica, Uriel Sosa, pero no la apoy\u00f3, as\u00ed tambi\u00e9n del director de Seguridad P\u00fablica, Jos\u00e9 Luis Morales Mart\u00ednez, a quien entreg\u00f3 su renuncia el pasado 13 de octubre.<\/p>\n\n\n\n<figure class=\"wp-block-embed\"><div class=\"wp-block-embed__wrapper\">\n<div class=\"twitter-tweet\"><blockquote class=\"twitter-tweet\" data-lang=\"es\"><p lang=\"es\" dir=\"ltr\">El pasado s\u00e1bado, cuando se dirig\u00eda a protestar en el informe del edil de Cuil\u00e1pam de Guerrero, Diego de la Cruz, por acoso sexual, la ex polic\u00eda municipal Sara Elia M, de nueva cuenta fue agredida ahora por sujetos desconocidos. <br>Urge intervenci\u00f3n de <a href=\"https:\/\/twitter.com\/DDHPO?ref_src=twsrc%5Etfw\">@DDHPO<\/a> <a href=\"https:\/\/twitter.com\/CNDH?ref_src=twsrc%5Etfw\">@CNDH<\/a> <a href=\"https:\/\/twitter.com\/CONAVIM_MX?ref_src=twsrc%5Etfw\">@CONAVIM_MX<\/a>. <a href=\"https:\/\/t.co\/PEMcMSdffP\">pic.twitter.com\/PEMcMSdffP<\/a><\/p>&mdash; Zona Roja Oaxaca (@Zona_Roja_Oax) <a href=\"https:\/\/twitter.com\/Zona_Roja_Oax\/status\/1473284418752155648?ref_src=twsrc%5Etfw\">21 de diciembre de 2021<\/a><\/blockquote><\/div>\n<\/div><\/figure>\n\n\n\n<p>De estos actos tambi\u00e9n qued\u00f3 enterado el edil por medio de un oficio que la v\u00edctima entreg\u00f3 a la oficina de Presidencia Municipal ante la negativa de ser recibida.<\/p>\n\n\n\n<p>La mujer fue obligada a firmar su renuncia de forma voluntaria, condicionando el pago de la primera quincena de octubre, el cual hasta la fecha no se ha pagado.<\/p>\n\n\n\n<p>INCREMENTAN AGRESIONES<\/p>\n\n\n\n<p>El pasado s\u00e1bado, Sara Elisa fue agredida f\u00edsicamente y amenazada de muerte por hombres que presuntamente fueron enviados por funcionarios.<\/p>\n\n\n\n<p>Los hechos violentos se registraron al salir de su domicilio en Santa Cruz Xoxocotl\u00e1n, para dirigirse al tercer informe de gobierno de Diego de la Cruz, tal como lo hab\u00eda anunciado ella en un video que subi\u00f3 a sus redes sociales.<\/p>\n\n\n\n<p>Hombres a bordo de una moto merodearon su ruta y luego le dieron alcance mientras ella caminaba. La lanzaron al suelo, le quitaron su tel\u00e9fono celular, la golpearon en el rostro y lastimaron en diversas partes del cuerpo al tratar de defenderse.<\/p>\n\n\n\n<p>Durante la agresi\u00f3n los sujetos advirtieron a Sara que se \u201cse dejara de pendejadas\u201d, que evitara realizar m\u00e1s videos si no quer\u00eda que la mataran frente a sus hijos.<\/p>\n\n\n\n<p>D\u00edas antes, a su domicilio tambi\u00e9n lleg\u00f3 una amenaza por medio de un mensaje escrito que contaba con referencias \u00fanicas de su ex empleo como polic\u00eda, en el que le dec\u00edan que \u201cse dejara de meter en problemas\u201d.<\/p>\n\n\n\n<p>Ahora Sara Elia teme por su vida y la de sus hijos. \u201cTengo miedo, el que no te imaginas\u201d, expres\u00f3 la mujer, quien por ese mismo terror a sufrir da\u00f1os no se ha atrevido a presentar las denuncias correspondientes ante la Fiscal\u00eda General de Oaxaca.<\/p>\n\n\n\n<p>Elsa tambi\u00e9n demanda el apoyo y acompa\u00f1amiento de defensoras de derechos humanos de las mujeres para sentirse protegida y salir adelante.<\/p>\n","protected":false},"excerpt":{"rendered":"<p>Yuridiana Sosa\/Zona Roja. Oaxaca de Ju\u00e1rez, Oax., 21 de diciembre de 2021.- Desde propuestas transgresoras&hellip;<\/p>\n","protected":false},"author":2,"featured_media":35603,"comment_status":"closed","ping_status":"open","sticky":false,"template":"","format":"standard","meta":{"_lmt_disableupdate":"","_lmt_disable":"","_jetpack_memberships_contains_paid_content":false,"footnotes":""},"categories":[109,47],"tags":[1719,2984],"class_list":["post-35602","post","type-post","status-publish","format-standard","has-post-thumbnail","hentry","category-minuto-a-minuto","category-zona-gris","tag-cuilapam-de-guerrero","tag-sara-elisa-montiel"],"jetpack_featured_media_url":"https:\/\/zonaroja.com.mx\/wp-content\/uploads\/2021\/12\/Mujer-policia-Cuilapam-agredida.jpg","jetpack_sharing_enabled":true,"_links":{"self":[{"href":"https:\/\/zonaroja.com.mx\/index.php?rest_route=\/wp\/v2\/posts\/35602","targetHints":{"allow":["GET"]}}],"collection":[{"href":"https:\/\/zonaroja.com.mx\/index.php?rest_route=\/wp\/v2\/posts"}],"about":[{"href":"https:\/\/zonaroja.com.mx\/index.php?rest_route=\/wp\/v2\/types\/post"}],"author":[{"embeddable":true,"href":"https:\/\/zonaroja.com.mx\/index.php?rest_route=\/wp\/v2\/users\/2"}],"replies":[{"embeddable":true,"href":"https:\/\/zonaroja.com.mx\/index.php?rest_route=%2Fwp%2Fv2%2Fcomments&post=35602"}],"version-history":[{"count":2,"href":"https:\/\/zonaroja.com.mx\/index.php?rest_route=\/wp\/v2\/posts\/35602\/revisions"}],"predecessor-version":[{"id":35614,"href":"https:\/\/zonaroja.com.mx\/index.php?rest_route=\/wp\/v2\/posts\/35602\/revisions\/35614"}],"wp:featuredmedia":[{"embeddable":true,"href":"https:\/\/zonaroja.com.mx\/index.php?rest_route=\/wp\/v2\/media\/35603"}],"wp:attachment":[{"href":"https:\/\/zonaroja.com.mx\/index.php?rest_route=%2Fwp%2Fv2%2Fmedia&parent=35602"}],"wp:term":[{"taxonomy":"category","embeddable":true,"href":"https:\/\/zonaroja.com.mx\/index.php?rest_route=%2Fwp%2Fv2%2Fcategories&post=35602"},{"taxonomy":"post_tag","embeddable":true,"href":"https:\/\/zonaroja.com.mx\/index.php?rest_route=%2Fwp%2Fv2%2Ftags&post=35602"}],"curies":[{"name":"wp","href":"https:\/\/api.w.org\/{rel}","templated":true}]}}