{"id":35611,"date":"2021-12-21T07:49:42","date_gmt":"2021-12-21T13:49:42","guid":{"rendered":"http:\/\/www.zonaroja.com.mx\/?p=35611"},"modified":"2021-12-21T08:28:08","modified_gmt":"2021-12-21T14:28:08","slug":"brinda-justicia-alternativa-opciones-de-solucion-efectiva-y-humanizada-a-conflictos","status":"publish","type":"post","link":"https:\/\/zonaroja.com.mx\/?p=35611","title":{"rendered":"Brinda justicia alternativa opciones de soluci\u00f3n efectiva y humanizada a conflictos"},"content":{"rendered":"\n<p>Redacci\u00f3n\/Zona Roja.<\/p>\n\n\n\n<p>Oaxaca de Ju\u00e1rez, Oax., 21 de diciembre de 2021.- La directora del Centro de Justicia Alternativa del Poder Judicial de Oaxaca, Betzzaida Cruz Mendoza, particip\u00f3 en el panel virtual \u00abLa implementaci\u00f3n de la mediaci\u00f3n en grupos vulnerables\u00bb, en el marco de la Octava Reuni\u00f3n de Directores de la Red Nacional de Medios Alternativos de Soluci\u00f3n de Conflictos de la Comisi\u00f3n Nacional de Tribunales Superiores de Justicia de los Estados Unidos Mexicanos (Conatrib).<\/p>\n\n\n\n<p>Se\u00f1al\u00f3 que al ser Oaxaca una entidad con una diversidad pluriculturalidad y ling\u00fc\u00edstica, la atenci\u00f3n a personas y grupos ind\u00edgenas, adultos mayores y adolescentes ha permitido a esa instancia redescubrir el potencial que tiene para contribuir a que sean visibilizados y tomados en consideraci\u00f3n as\u00ed como garantizar su acceso a la justicia.<\/p>\n\n\n\n<p>En el foro, participaron tambi\u00e9n Nancy Guti\u00e9rrez Jim\u00e9nez, directora general del Centro Estatal de Justicia Alternativa del Poder Judicial del Estado de Hidalgo y la doctora Evangelina Ver\u00f3nica de la Tejera Hern\u00e1ndez, directora del Instituto de Justicia Alternativa del Poder Judicial del Estado de Morelos, como moderadora.<\/p>\n\n\n\n<p>Cruz Mendoza explic\u00f3 que como parte de la atenci\u00f3n brindada por el Centro de Justicia Alternativa del Poder Judicial en los \u00faltimos dos a\u00f1os y a pesar de los desaf\u00edos por la pandemia sanitaria, el n\u00famero de adultos mayores asistidos ascendi\u00f3 a 824; el de personas hablantes de una lengua originaria fue de 334, y con alguna discapacidad 82 sobre asuntos familiares, vecinales y de bienes inmuebles.<\/p>\n\n\n\n<p>Coment\u00f3 que otros casos que se atienden con mayor frecuencia, son los de adolescentes involucrados en delitos menores que tienen permitida la opci\u00f3n de la mediaci\u00f3n, como una alternativa de resoluci\u00f3n efectiva, humanizada y c\u00e1lida para las partes involucradas.<\/p>\n\n\n\n<p>Entre otros aspectos mencion\u00f3 el trabajo que realiza esta \u00e1rea en las regiones del estado, con personal que habla alguna lengua ind\u00edgena y edici\u00f3n, por parte del Poder Judicial en conjunto con la sociedad civil, del Protocolo para la armonizaci\u00f3n y la coordinaci\u00f3n entre las jurisdicciones estatal e ind\u00edgena-afromexicana.<\/p>\n\n\n\n<p>Durante la Octava Reuni\u00f3n los 32 titulares de los organismos de justicia alternativa en el pa\u00eds, que abordaron temas en torno al Proyecto de Decreto de la Ley General de Medios Alternativos de Soluci\u00f3n de Conflictos, el Diplomado para Facilitadores Penales y Adolescentes e intercambio de experiencias, entre otros.<\/p>\n","protected":false},"excerpt":{"rendered":"<p>Redacci\u00f3n\/Zona Roja. Oaxaca de Ju\u00e1rez, Oax., 21 de diciembre de 2021.- La directora del Centro&hellip;<\/p>\n","protected":false},"author":2,"featured_media":35620,"comment_status":"closed","ping_status":"open","sticky":false,"template":"","format":"standard","meta":{"_lmt_disableupdate":"","_lmt_disable":"","_jetpack_memberships_contains_paid_content":false,"footnotes":""},"categories":[109,47],"tags":[223],"class_list":["post-35611","post","type-post","status-publish","format-standard","has-post-thumbnail","hentry","category-minuto-a-minuto","category-zona-gris","tag-poder-judicial-de-oaxaca"],"jetpack_featured_media_url":"https:\/\/zonaroja.com.mx\/wp-content\/uploads\/2021\/12\/Participa-Poder-Judicial-en-panel-sobre-mediacion-en-grupos-vulnerables.jpg","jetpack_sharing_enabled":true,"_links":{"self":[{"href":"https:\/\/zonaroja.com.mx\/index.php?rest_route=\/wp\/v2\/posts\/35611","targetHints":{"allow":["GET"]}}],"collection":[{"href":"https:\/\/zonaroja.com.mx\/index.php?rest_route=\/wp\/v2\/posts"}],"about":[{"href":"https:\/\/zonaroja.com.mx\/index.php?rest_route=\/wp\/v2\/types\/post"}],"author":[{"embeddable":true,"href":"https:\/\/zonaroja.com.mx\/index.php?rest_route=\/wp\/v2\/users\/2"}],"replies":[{"embeddable":true,"href":"https:\/\/zonaroja.com.mx\/index.php?rest_route=%2Fwp%2Fv2%2Fcomments&post=35611"}],"version-history":[{"count":1,"href":"https:\/\/zonaroja.com.mx\/index.php?rest_route=\/wp\/v2\/posts\/35611\/revisions"}],"predecessor-version":[{"id":35613,"href":"https:\/\/zonaroja.com.mx\/index.php?rest_route=\/wp\/v2\/posts\/35611\/revisions\/35613"}],"wp:featuredmedia":[{"embeddable":true,"href":"https:\/\/zonaroja.com.mx\/index.php?rest_route=\/wp\/v2\/media\/35620"}],"wp:attachment":[{"href":"https:\/\/zonaroja.com.mx\/index.php?rest_route=%2Fwp%2Fv2%2Fmedia&parent=35611"}],"wp:term":[{"taxonomy":"category","embeddable":true,"href":"https:\/\/zonaroja.com.mx\/index.php?rest_route=%2Fwp%2Fv2%2Fcategories&post=35611"},{"taxonomy":"post_tag","embeddable":true,"href":"https:\/\/zonaroja.com.mx\/index.php?rest_route=%2Fwp%2Fv2%2Ftags&post=35611"}],"curies":[{"name":"wp","href":"https:\/\/api.w.org\/{rel}","templated":true}]}}