{"id":35618,"date":"2021-12-21T08:26:06","date_gmt":"2021-12-21T14:26:06","guid":{"rendered":"http:\/\/www.zonaroja.com.mx\/?p=35618"},"modified":"2021-12-21T08:26:09","modified_gmt":"2021-12-21T14:26:09","slug":"suman-25-casos-de-omicron-en-cuatro-estados-de-mexico-oms-pide-frenar-fiestas","status":"publish","type":"post","link":"https:\/\/zonaroja.com.mx\/?p=35618","title":{"rendered":"Suman 25 casos de \u201c\u00d3micron\u201d en cuatro estados de M\u00e9xico; OMS pide frenar fiestas"},"content":{"rendered":"\n<p>Redacci\u00f3n\/Zona Roja Cdmx.<\/p>\n\n\n\n<p>Ciudad de M\u00e9xico, 21 de diciembre de 2021.- La variante \u201cOmicr\u00f3n\u201d de Covid ya se extiende a cuatro estados de M\u00e9xico y suman 23 casos, reconoci\u00f3 hoy la Secretar\u00eda de Salud del gobierno federal.<\/p>\n\n\n\n<p>El primer caso surgi\u00f3 en Sud\u00e1frica a principios de noviembre, lleg\u00f3 al pa\u00eds a mediados del mismo mes y se extiende r\u00e1pidamente por el territorio nacional.<\/p>\n\n\n\n<p>Mientras tanto, desde Ginebra, Suiza, la Organizaci\u00f3n Mundial de la Salud llam\u00f3 a cancelar las fiestas decembrinas para no estar de luto m\u00e1s tarde.<\/p>\n\n\n\n<p>El responsable de la instituci\u00f3n, Tedros Adhanom Ghebreyesus, destac\u00f3 que la variante \u201c\u00d3micron\u201d del Covid-19 se propaga m\u00e1s r\u00e1pidamente que la delta y puede causar infecciones en personas ya vacunadas o que se han recuperado de la enfermedad.<\/p>\n\n\n\n<p>\u201cUn evento cancelado es mejor que una vida cancelada\u201d, expres\u00f3 Adhanom Ghebreyesus, y agreg\u00f3 que se deben tomar decisiones dif\u00edciles. En algunos casos, eso significar\u00e1 cancelar o retrasar eventos, declar\u00f3 a unos pocos d\u00edas para Navidad.<\/p>\n\n\n\n<p>En tanto, la mutaci\u00f3n \u201c\u00d3micron\u201d se volvi\u00f3 ampliamente dominante en Estados Unidos, al ser responsable de 73.25 por ciento de las nuevas infecciones durante la semana que termin\u00f3 18 de diciembre, seg\u00fan datos de las autoridades sanitarias del pa\u00eds.<\/p>\n","protected":false},"excerpt":{"rendered":"<p>Redacci\u00f3n\/Zona Roja Cdmx. Ciudad de M\u00e9xico, 21 de diciembre de 2021.- La variante \u201cOmicr\u00f3n\u201d de&hellip;<\/p>\n","protected":false},"author":2,"featured_media":34752,"comment_status":"closed","ping_status":"open","sticky":false,"template":"","format":"standard","meta":{"_lmt_disableupdate":"","_lmt_disable":"","_jetpack_memberships_contains_paid_content":false,"footnotes":""},"categories":[109,47],"tags":[2956],"class_list":["post-35618","post","type-post","status-publish","format-standard","has-post-thumbnail","hentry","category-minuto-a-minuto","category-zona-gris","tag-variante-covid-omicron"],"jetpack_featured_media_url":"https:\/\/zonaroja.com.mx\/wp-content\/uploads\/2021\/11\/Omicron-covid-coronavirus.jpg","jetpack_sharing_enabled":true,"_links":{"self":[{"href":"https:\/\/zonaroja.com.mx\/index.php?rest_route=\/wp\/v2\/posts\/35618","targetHints":{"allow":["GET"]}}],"collection":[{"href":"https:\/\/zonaroja.com.mx\/index.php?rest_route=\/wp\/v2\/posts"}],"about":[{"href":"https:\/\/zonaroja.com.mx\/index.php?rest_route=\/wp\/v2\/types\/post"}],"author":[{"embeddable":true,"href":"https:\/\/zonaroja.com.mx\/index.php?rest_route=\/wp\/v2\/users\/2"}],"replies":[{"embeddable":true,"href":"https:\/\/zonaroja.com.mx\/index.php?rest_route=%2Fwp%2Fv2%2Fcomments&post=35618"}],"version-history":[{"count":1,"href":"https:\/\/zonaroja.com.mx\/index.php?rest_route=\/wp\/v2\/posts\/35618\/revisions"}],"predecessor-version":[{"id":35619,"href":"https:\/\/zonaroja.com.mx\/index.php?rest_route=\/wp\/v2\/posts\/35618\/revisions\/35619"}],"wp:featuredmedia":[{"embeddable":true,"href":"https:\/\/zonaroja.com.mx\/index.php?rest_route=\/wp\/v2\/media\/34752"}],"wp:attachment":[{"href":"https:\/\/zonaroja.com.mx\/index.php?rest_route=%2Fwp%2Fv2%2Fmedia&parent=35618"}],"wp:term":[{"taxonomy":"category","embeddable":true,"href":"https:\/\/zonaroja.com.mx\/index.php?rest_route=%2Fwp%2Fv2%2Fcategories&post=35618"},{"taxonomy":"post_tag","embeddable":true,"href":"https:\/\/zonaroja.com.mx\/index.php?rest_route=%2Fwp%2Fv2%2Ftags&post=35618"}],"curies":[{"name":"wp","href":"https:\/\/api.w.org\/{rel}","templated":true}]}}