{"id":35621,"date":"2021-12-21T16:01:14","date_gmt":"2021-12-21T22:01:14","guid":{"rendered":"http:\/\/www.zonaroja.com.mx\/?p=35621"},"modified":"2021-12-21T16:01:18","modified_gmt":"2021-12-21T22:01:18","slug":"arrasa-oaxaca-con-cuatro-premios-nacionales-de-la-juventud","status":"publish","type":"post","link":"https:\/\/zonaroja.com.mx\/?p=35621","title":{"rendered":"Arrasa Oaxaca con cuatro Premios Nacionales de la Juventud"},"content":{"rendered":"\n<p>Yuridiana Sosa\/Zona Roja.<\/p>\n\n\n\n<p>Oaxaca de Ju\u00e1rez, Oax., 21 de diciembre de 2021.- Aleida Ruiz Sosa, Erika Jazm\u00edn Ruiz L\u00f3pez, Fredy Samuel Cruz S\u00e1nchez y Jorge Mart\u00ednez Gracias, son los j\u00f3venes que recibieron este lunes el Premio Nacional de la Juventud 2020-2021 por parte del Instituto Mexicano de la Juventud (Imjuve).<\/p>\n\n\n\n<p>Los oaxaque\u00f1os, de entre 14 y 23 a\u00f1os de edad, realizaron importantes aportaciones en el \u00e1mbito art\u00edstico, pol\u00edtico y social en medio de la contingencia sanitaria por Covid-19 y los cuales, junto a otros 15 premiados m\u00e1s de todo el pa\u00eds, contribuyen a una mejor sociedad.<\/p>\n\n\n\n<p>Con la distinci\u00f3n de Expresi\u00f3n Art\u00edstica se reconoci\u00f3 a Aleida Ruiz Sosa y Fredy Samuel Cruz en las categor\u00edas A y B respectivamente.<\/p>\n\n\n\n<p>Aleida Ruiz, de 16 a\u00f1os de edad, es bailarina de ballet y por medio de esta disciplina se ha apoyado para realizar impulsar la campa\u00f1a \u201cQue las ni\u00f1as sean ni\u00f1as y no esposas\u201d, con la impartici\u00f3n de talleres a ni\u00f1as y j\u00f3venes oaxaque\u00f1as durante la pandemia, con el fin que descubran sus capacidades art\u00edsticas y conozcan sus derechos humanos y erradicar el matrimonio infantil.<\/p>\n\n\n\n<p>Tambi\u00e9n fue nombrada embajadora de la Paz de Iberoam\u00e9rica y El Caribe por la Comisi\u00f3n Iberoamericana de Derechos Humanos para el Desarrollo de las Am\u00e9ricas y en 2017 gan\u00f3 el Premio Estatal de la Juventud en Oaxaca.<\/p>\n\n\n\n<p>Por su parte, Fredy Samuel, de 23 a\u00f1os de edad, fue galardonado en la Categor\u00eda B por Actividades Art\u00edsticas y Culturales por la realizaci\u00f3n de murales, en los que destaca el reconocimiento y concientizaci\u00f3n de la lucha del personal m\u00e9dico durante la pandemia del Covid-19.<\/p>\n\n\n\n<p>Otra importante distinci\u00f3n fue para Jorge Mart\u00ednez Luis, de 14 a\u00f1os, en la categor\u00eda de Compromiso Social. Este adolescente cre\u00f3 el proyecto de Mascaretas para la creaci\u00f3n y donaci\u00f3n de dos mil 800 caretas en impresi\u00f3n 3D, las cuales don\u00f3 a hospitales, centros de salud, albergues infantiles y de adultos mayores.<\/p>\n\n\n\n<p>Mientras que Erika Jazm\u00edn Ruiz L\u00f3pez, de 23 a\u00f1os de edad, recibi\u00f3 el Premio Nacional en la categor\u00eda de Aportaci\u00f3n a la Cultura Pol\u00edtica y a la Democracia. Ella lanz\u00f3 el proyecto \u201cDemocracia con perspectiva de g\u00e9nero y juventud\u201d, con el que desarroll\u00f3 capacitaciones y talleres para lograr la incidencia de la juventud en la pol\u00edtica.<\/p>\n\n\n\n<p>El Imjuve tambi\u00e9n reconoci\u00f3 a j\u00f3venes mexicanos en categor\u00edas como: Logro Acad\u00e9mico, Fortalecimiento a la Cultura Ind\u00edgena, Protecci\u00f3n al Medio ambiente, Ingenio Emprendedor, Derechos Humanos, Discapacidad e Integraci\u00f3n, as\u00ed como en Ciencia y Tecnolog\u00eda.<\/p>\n","protected":false},"excerpt":{"rendered":"<p>Yuridiana Sosa\/Zona Roja. Oaxaca de Ju\u00e1rez, Oax., 21 de diciembre de 2021.- Aleida Ruiz Sosa,&hellip;<\/p>\n","protected":false},"author":2,"featured_media":35612,"comment_status":"closed","ping_status":"open","sticky":false,"template":"","format":"standard","meta":{"_lmt_disableupdate":"","_lmt_disable":"","_jetpack_memberships_contains_paid_content":false,"footnotes":""},"categories":[109,46],"tags":[],"class_list":["post-35621","post","type-post","status-publish","format-standard","has-post-thumbnail","hentry","category-minuto-a-minuto","category-zona-blanca"],"jetpack_featured_media_url":"https:\/\/zonaroja.com.mx\/wp-content\/uploads\/2021\/12\/Premio-Nacional-de-la-Juventud-oaxaquenos.jpg","jetpack_sharing_enabled":true,"_links":{"self":[{"href":"https:\/\/zonaroja.com.mx\/index.php?rest_route=\/wp\/v2\/posts\/35621","targetHints":{"allow":["GET"]}}],"collection":[{"href":"https:\/\/zonaroja.com.mx\/index.php?rest_route=\/wp\/v2\/posts"}],"about":[{"href":"https:\/\/zonaroja.com.mx\/index.php?rest_route=\/wp\/v2\/types\/post"}],"author":[{"embeddable":true,"href":"https:\/\/zonaroja.com.mx\/index.php?rest_route=\/wp\/v2\/users\/2"}],"replies":[{"embeddable":true,"href":"https:\/\/zonaroja.com.mx\/index.php?rest_route=%2Fwp%2Fv2%2Fcomments&post=35621"}],"version-history":[{"count":1,"href":"https:\/\/zonaroja.com.mx\/index.php?rest_route=\/wp\/v2\/posts\/35621\/revisions"}],"predecessor-version":[{"id":35622,"href":"https:\/\/zonaroja.com.mx\/index.php?rest_route=\/wp\/v2\/posts\/35621\/revisions\/35622"}],"wp:featuredmedia":[{"embeddable":true,"href":"https:\/\/zonaroja.com.mx\/index.php?rest_route=\/wp\/v2\/media\/35612"}],"wp:attachment":[{"href":"https:\/\/zonaroja.com.mx\/index.php?rest_route=%2Fwp%2Fv2%2Fmedia&parent=35621"}],"wp:term":[{"taxonomy":"category","embeddable":true,"href":"https:\/\/zonaroja.com.mx\/index.php?rest_route=%2Fwp%2Fv2%2Fcategories&post=35621"},{"taxonomy":"post_tag","embeddable":true,"href":"https:\/\/zonaroja.com.mx\/index.php?rest_route=%2Fwp%2Fv2%2Ftags&post=35621"}],"curies":[{"name":"wp","href":"https:\/\/api.w.org\/{rel}","templated":true}]}}