{"id":35626,"date":"2021-12-21T19:26:55","date_gmt":"2021-12-22T01:26:55","guid":{"rendered":"http:\/\/www.zonaroja.com.mx\/?p=35626"},"modified":"2021-12-21T19:26:59","modified_gmt":"2021-12-22T01:26:59","slug":"niegan-vacunacion-a-menores-en-oaxaca-por-segunda-vez-pese-a-orden-judicial","status":"publish","type":"post","link":"https:\/\/zonaroja.com.mx\/?p=35626","title":{"rendered":"Niegan vacunaci\u00f3n a menores en Oaxaca por segunda vez, pese a orden judicial"},"content":{"rendered":"\n<p>Yuridiana Sosa\/Zona Roja.<\/p>\n\n\n\n<p>Oaxaca de Ju\u00e1rez, Oax., 21 de diciembre de 2021.- Por segunda ocasi\u00f3n, personal de las brigadas de vacunaci\u00f3n en Oaxaca neg\u00f3 la inoculaci\u00f3n contra Covid-19 a cinco menores de edad, entre ocho y 11 a\u00f1os, a pesar que cuentan con un amparo del Poder Judicial de la Federaci\u00f3n.<\/p>\n\n\n\n<p>Ante este desacato, la representante legal de los menores, Alma Franco Vargas, interpondr\u00e1 dos denuncias penales, una por desacato judicial y otra por violencia psicoemocional hacia los infantes y padres de familia.<\/p>\n\n\n\n<p>Este martes, los ni\u00f1os y ni\u00f1as J.E.R.F., M.J.B.B.C., S.B.B.C., J.D.R., y S.S.Z., acompa\u00f1ados de sus padres y madres se presentaron en las instalaciones del Hospital Militar, en Santa Mar\u00eda Ixcotel, Santa Luc\u00eda del Camino, donde se llev\u00f3 a cabo la jornada para rezagados y donde instruy\u00f3 asistir la autoridad judicial.<\/p>\n\n\n\n<p>La instrucci\u00f3n para que el personal de enfermer\u00eda no los vacunara fue emitida por el Coordinador de las Brigadas Especiales del operativo Correcaminos del Estado de Oaxaca, Ra\u00fal Pe\u00f1a Viveros, con la excusa que no contaban con vacunas pedi\u00e1tricas Pfizer Biontech, cuando estas no existen a nivel mundial y el biol\u00f3gico se aplica por dosis.<\/p>\n\n\n\n<p>La noticia de esta negativa se ofreci\u00f3 luego de tres horas de espera y de haber llenado los formatos de vacunaci\u00f3n para la primera dosis y las cartas responsivas por parte de los padres o tutores.<\/p>\n\n\n\n<p>LOS HECHOS<\/p>\n\n\n\n<p>Los ni\u00f1os y ni\u00f1as arribaron al punto de vacunaci\u00f3n cerca de las 08:15 de la ma\u00f1ana, sorteando una serie de bloqueos en la capital del estado.<\/p>\n\n\n\n<p>Esta vez con la ilusi\u00f3n de s\u00ed ser inoculados, luego que el pasado 14 de diciembre tambi\u00e9n les negaron ese derecho de la salud.<\/p>\n\n\n\n<p>Alegr\u00eda y nervios envolv\u00eda a los menores de edad y a sus padres. Tres horas despu\u00e9s, el personal de vacunaci\u00f3n les indic\u00f3 que no ser\u00eda posible el proceso, lo que derrumb\u00f3 una vez m\u00e1s la ilusi\u00f3n de los infantes para recibir la protecci\u00f3n contra el virus.<\/p>\n\n\n\n<p>\u201cEs muy grave este desacato\u201d, subray\u00f3 Franco Vargas, tambi\u00e9n madre de uno de los ni\u00f1os afectados.<\/p>\n\n\n\n<p>La indicaci\u00f3n del desacato por parte de Pe\u00f1a Viveros qued\u00f3 grabada por los padres de familia, quienes procedieron primero a la destrucci\u00f3n de la documentaci\u00f3n firmada para evitar ser manipulados y posteriormente procedieron a las denuncias correspondientes ante el Juez Segundo de Distrito en el Estado.<\/p>\n","protected":false},"excerpt":{"rendered":"<p>Yuridiana Sosa\/Zona Roja. Oaxaca de Ju\u00e1rez, Oax., 21 de diciembre de 2021.- Por segunda ocasi\u00f3n,&hellip;<\/p>\n","protected":false},"author":2,"featured_media":35627,"comment_status":"closed","ping_status":"open","sticky":false,"template":"","format":"standard","meta":{"_lmt_disableupdate":"","_lmt_disable":"","_jetpack_memberships_contains_paid_content":false,"footnotes":""},"categories":[109,46,47],"tags":[2986],"class_list":["post-35626","post","type-post","status-publish","format-standard","has-post-thumbnail","hentry","category-minuto-a-minuto","category-zona-blanca","category-zona-gris","tag-alma-franco-vargas"],"jetpack_featured_media_url":"https:\/\/zonaroja.com.mx\/wp-content\/uploads\/2021\/12\/Vacunacion-menores-alma-Franco.jpg","jetpack_sharing_enabled":true,"_links":{"self":[{"href":"https:\/\/zonaroja.com.mx\/index.php?rest_route=\/wp\/v2\/posts\/35626","targetHints":{"allow":["GET"]}}],"collection":[{"href":"https:\/\/zonaroja.com.mx\/index.php?rest_route=\/wp\/v2\/posts"}],"about":[{"href":"https:\/\/zonaroja.com.mx\/index.php?rest_route=\/wp\/v2\/types\/post"}],"author":[{"embeddable":true,"href":"https:\/\/zonaroja.com.mx\/index.php?rest_route=\/wp\/v2\/users\/2"}],"replies":[{"embeddable":true,"href":"https:\/\/zonaroja.com.mx\/index.php?rest_route=%2Fwp%2Fv2%2Fcomments&post=35626"}],"version-history":[{"count":1,"href":"https:\/\/zonaroja.com.mx\/index.php?rest_route=\/wp\/v2\/posts\/35626\/revisions"}],"predecessor-version":[{"id":35628,"href":"https:\/\/zonaroja.com.mx\/index.php?rest_route=\/wp\/v2\/posts\/35626\/revisions\/35628"}],"wp:featuredmedia":[{"embeddable":true,"href":"https:\/\/zonaroja.com.mx\/index.php?rest_route=\/wp\/v2\/media\/35627"}],"wp:attachment":[{"href":"https:\/\/zonaroja.com.mx\/index.php?rest_route=%2Fwp%2Fv2%2Fmedia&parent=35626"}],"wp:term":[{"taxonomy":"category","embeddable":true,"href":"https:\/\/zonaroja.com.mx\/index.php?rest_route=%2Fwp%2Fv2%2Fcategories&post=35626"},{"taxonomy":"post_tag","embeddable":true,"href":"https:\/\/zonaroja.com.mx\/index.php?rest_route=%2Fwp%2Fv2%2Ftags&post=35626"}],"curies":[{"name":"wp","href":"https:\/\/api.w.org\/{rel}","templated":true}]}}