{"id":35629,"date":"2021-12-21T21:19:42","date_gmt":"2021-12-22T03:19:42","guid":{"rendered":"http:\/\/www.zonaroja.com.mx\/?p=35629"},"modified":"2021-12-21T21:19:45","modified_gmt":"2021-12-22T03:19:45","slug":"se-suma-la-uabjo-al-desarrollo-productivo-y-humano-del-istmo","status":"publish","type":"post","link":"https:\/\/zonaroja.com.mx\/?p=35629","title":{"rendered":"Se suma la UABJO al desarrollo productivo y humano del Istmo"},"content":{"rendered":"\n<p>Redacci\u00f3n\/Zona Roja.<\/p>\n\n\n\n<p>Oaxaca de Ju\u00e1rez, Oax., 21 de diciembre de 2021.- Con el firme prop\u00f3sito de contribuir al desarrollo econ\u00f3mico y acad\u00e9mico regional, el rector de la Universidad Aut\u00f3noma \u201cBenito Ju\u00e1rez\u201d de Oaxaca (UABJO), Eduardo Bautista Mart\u00ednez, particip\u00f3 en la firma del \u201cConvenio general de colaboraci\u00f3n enfocado al fortalecimiento del conocimiento para la actividad productiva y el desarrollo humano en el Istmo de Tehuantepec\u00bb.<\/p>\n\n\n\n<p>Lo anterior, en un encuentro en el que estuvo presente el subsecretario de Educaci\u00f3n Superior de la SEP, Luciano Concheiro B\u00f3rquez, autoridades gubernamentales y de instituciones de educaci\u00f3n superior, as\u00ed como representantes del sector empresarial y asociaciones civiles, celebrado en el Museo de la Secretar\u00eda de Hacienda y Cr\u00e9dito P\u00fablico, de la Ciudad de M\u00e9xico.<\/p>\n\n\n\n<p>Durante su intervenci\u00f3n, el rector de la UABJO remarc\u00f3 la importancia de esta iniciativa que contempla la participaci\u00f3n activa de las instituciones, pues es en estos centros educativos en donde se forman generaciones de profesionales con visi\u00f3n humanista y con perspectiva de car\u00e1cter territorial, ambas establecidas en la Ley General de Educaci\u00f3n Superior.<\/p>\n\n\n\n<figure class=\"wp-block-embed is-type-rich is-provider-twitter wp-block-embed-twitter\"><div class=\"wp-block-embed__wrapper\">\n<div class=\"twitter-tweet\"><blockquote class=\"twitter-tweet\" data-lang=\"es\"><p lang=\"es\" dir=\"ltr\">Firmamos el convenio de colaboraci\u00f3n entre <a href=\"https:\/\/twitter.com\/SEP_mx?ref_src=twsrc%5Etfw\">@SEP_mx<\/a> y <a href=\"https:\/\/twitter.com\/Programa_Istmo?ref_src=twsrc%5Etfw\">@Programa_Istmo<\/a> con participaci\u00f3n de los sectores acad\u00e9mico, p\u00fablico y privado, para el fortalecimiento del conocimiento para la Actividad Productiva y el Desarrollo Humano en el Istmo de Tehuantepec <a href=\"https:\/\/t.co\/yNnfDFg4S0\">pic.twitter.com\/yNnfDFg4S0<\/a><\/p>&mdash; Luciano Concheiro (@LucianoConchier) <a href=\"https:\/\/twitter.com\/LucianoConchier\/status\/1471996144637169675?ref_src=twsrc%5Etfw\">18 de diciembre de 2021<\/a><\/blockquote><\/div>\n<\/div><\/figure>\n\n\n\n<p>\u201cLas universidades ya no podemos tener nuestros espacios circunscritos a las aulas o al campus, sino debemos participar en el diagn\u00f3stico, pero sobre todo en la soluci\u00f3n de problemas y la propuesta de iniciativas, las cuales son necesarias para este hist\u00f3rico proyecto de integraci\u00f3n regional\u201d, afirm\u00f3.<\/p>\n\n\n\n<p>Finalmente, celebr\u00f3 que se incluya la intervenci\u00f3n de los pueblos originarios y de habitantes del territorio, as\u00ed tambi\u00e9n agradeci\u00f3 en representaci\u00f3n de la m\u00e1xima casa de estudios de Oaxaca la oportunidad de poder cooperar en este hist\u00f3rico proyecto de integraci\u00f3n regional, del cual se\u00f1al\u00f3 \u201choy vemos muchas posibilidades para su materializaci\u00f3n\u201d.<\/p>\n\n\n\n<p>Dicho convenio sienta las bases de las acciones del Comit\u00e9 Regional, el cual ya se encuentra instalado y est\u00e1 conformado por representantes de los sectores p\u00fablico, privado y acad\u00e9mico, para dise\u00f1ar estrategias de profesionalizaci\u00f3n y vinculaci\u00f3n productiva en la zona antes mencionada.<\/p>\n\n\n\n<p>De igual forma, contempla a los habitantes de la regi\u00f3n dentro del Programa de Desarrollo del Corredor Interoc\u00e9anico, la alineaci\u00f3n de la oferta acad\u00e9mica con los polos de desarrollo y la integraci\u00f3n de grupos interdisciplinarios, as\u00ed como el fortalecimiento de los indicadores y del sistema acad\u00e9mico.<\/p>\n","protected":false},"excerpt":{"rendered":"<p>Redacci\u00f3n\/Zona Roja. Oaxaca de Ju\u00e1rez, Oax., 21 de diciembre de 2021.- Con el firme prop\u00f3sito&hellip;<\/p>\n","protected":false},"author":2,"featured_media":35630,"comment_status":"closed","ping_status":"open","sticky":false,"template":"","format":"standard","meta":{"_lmt_disableupdate":"","_lmt_disable":"","_jetpack_memberships_contains_paid_content":false,"footnotes":""},"categories":[109,46],"tags":[360],"class_list":["post-35629","post","type-post","status-publish","format-standard","has-post-thumbnail","hentry","category-minuto-a-minuto","category-zona-blanca","tag-rector-eduardo-bautista-martinez"],"jetpack_featured_media_url":"https:\/\/zonaroja.com.mx\/wp-content\/uploads\/2021\/12\/UABJO-rector-universidades-corredor-interoceanico.jpg","jetpack_sharing_enabled":true,"_links":{"self":[{"href":"https:\/\/zonaroja.com.mx\/index.php?rest_route=\/wp\/v2\/posts\/35629","targetHints":{"allow":["GET"]}}],"collection":[{"href":"https:\/\/zonaroja.com.mx\/index.php?rest_route=\/wp\/v2\/posts"}],"about":[{"href":"https:\/\/zonaroja.com.mx\/index.php?rest_route=\/wp\/v2\/types\/post"}],"author":[{"embeddable":true,"href":"https:\/\/zonaroja.com.mx\/index.php?rest_route=\/wp\/v2\/users\/2"}],"replies":[{"embeddable":true,"href":"https:\/\/zonaroja.com.mx\/index.php?rest_route=%2Fwp%2Fv2%2Fcomments&post=35629"}],"version-history":[{"count":1,"href":"https:\/\/zonaroja.com.mx\/index.php?rest_route=\/wp\/v2\/posts\/35629\/revisions"}],"predecessor-version":[{"id":35631,"href":"https:\/\/zonaroja.com.mx\/index.php?rest_route=\/wp\/v2\/posts\/35629\/revisions\/35631"}],"wp:featuredmedia":[{"embeddable":true,"href":"https:\/\/zonaroja.com.mx\/index.php?rest_route=\/wp\/v2\/media\/35630"}],"wp:attachment":[{"href":"https:\/\/zonaroja.com.mx\/index.php?rest_route=%2Fwp%2Fv2%2Fmedia&parent=35629"}],"wp:term":[{"taxonomy":"category","embeddable":true,"href":"https:\/\/zonaroja.com.mx\/index.php?rest_route=%2Fwp%2Fv2%2Fcategories&post=35629"},{"taxonomy":"post_tag","embeddable":true,"href":"https:\/\/zonaroja.com.mx\/index.php?rest_route=%2Fwp%2Fv2%2Ftags&post=35629"}],"curies":[{"name":"wp","href":"https:\/\/api.w.org\/{rel}","templated":true}]}}