{"id":3563,"date":"2019-08-31T21:55:38","date_gmt":"2019-09-01T02:55:38","guid":{"rendered":"http:\/\/www.zonaroja.com.mx\/?p=3563"},"modified":"2019-08-31T21:55:41","modified_gmt":"2019-09-01T02:55:41","slug":"alarmante-ola-de-asaltos-en-la-capital-de-oaxaca-tres-este-sabado","status":"publish","type":"post","link":"https:\/\/zonaroja.com.mx\/?p=3563","title":{"rendered":"Alarmante ola de asaltos en la capital de Oaxaca; tres este s\u00e1bado"},"content":{"rendered":"\n<p>Ismael Garc\u00eda M.\/zona Roja.<\/p>\n\n\n\n<p>Oaxaca de Ju\u00e1rez, Oax., 31 de agosto de\n2019.- \u201c\u00a1Atr\u00e1pelos! \u00a1Ya nos tienen hasta la madre de tanto asalto! \u00a1Denle su\npinche chinga! \u00a1M\u00e1tenlos!\u201d.<\/p>\n\n\n\n<p>\u00a1Pum! \u00a1Pum! Dos balazos alertaron a los vecinos de la colonia La Cascada de la capital oaxaque\u00f1a, a eso de las dos de la tarde. Uno de inmediato son\u00f3 el silbato, le sigui\u00f3 otro y as\u00ed se corri\u00f3 la voz.<\/p>\n\n\n\n<figure class=\"wp-block-image\"><img decoding=\"async\" width=\"638\" height=\"472\" src=\"http:\/\/www.zonaroja.com.mx\/wp-content\/uploads\/2019\/08\/d7881b6e-950a-42e3-be12-791a18b43333.jpg\" alt=\"\" class=\"wp-image-3566\" srcset=\"https:\/\/zonaroja.com.mx\/wp-content\/uploads\/2019\/08\/d7881b6e-950a-42e3-be12-791a18b43333.jpg 638w, https:\/\/zonaroja.com.mx\/wp-content\/uploads\/2019\/08\/d7881b6e-950a-42e3-be12-791a18b43333-300x222.jpg 300w, https:\/\/zonaroja.com.mx\/wp-content\/uploads\/2019\/08\/d7881b6e-950a-42e3-be12-791a18b43333-585x433.jpg 585w\" sizes=\"(max-width: 638px) 100vw, 638px\" \/><\/figure>\n\n\n\n<p>Muchos dejaron la mesa, pues era la\nhora de la comida; otros reci\u00e9n llegaban al hogar, pero todos agarraron lo que\npudieron: palos, palas, binzas, cuerdas, piedras. <\/p>\n\n\n\n<p>Llegaron a tiempo a una obra en la calle R\u00edo de Janeiro, donde a\u00fan estaban los maleantes. \u201c\u00a1Atr\u00e1pelos! \u00a1Ya nos tienen hasta la madre de tanto asalto! \u00a1Denle su pinche chinga! \u00a1M\u00e1tenlos!\u201d.<\/p>\n\n\n\n<figure class=\"wp-block-embed-twitter wp-block-embed is-type-rich is-provider-twitter\"><div class=\"wp-block-embed__wrapper\">\n<div class=\"twitter-tweet\"><blockquote class=\"twitter-tweet\" data-lang=\"es\"><p lang=\"es\" dir=\"ltr\"><a href=\"https:\/\/twitter.com\/hashtag\/OaxacaRojo?src=hash&amp;ref_src=twsrc%5Etfw\">#OaxacaRojo<\/a><br>Aumenta ola delictiva en la ciudad de Oaxaca ante nula vigilancia de <a href=\"https:\/\/twitter.com\/MunicipioSeguro?ref_src=twsrc%5Etfw\">@MunicipioSeguro<\/a> y desinter\u00e9s en la seguridad por parte de <a href=\"https:\/\/twitter.com\/MunicipioOaxaca?ref_src=twsrc%5Etfw\">@MunicipioOaxaca<\/a> <a href=\"https:\/\/twitter.com\/oswaldogarciaj?ref_src=twsrc%5Etfw\">@oswaldogarciaj<\/a>. Esta tarde vecinos atraparon y golpearon a un presunto asaltante y golpearon a otro; colonia La Cascada. <a href=\"https:\/\/t.co\/qa2sPN3e51\">pic.twitter.com\/qa2sPN3e51<\/a><\/p>&mdash; Zona Roja Oaxaca (@MexRoja) <a href=\"https:\/\/twitter.com\/MexRoja\/status\/1167899065960370178?ref_src=twsrc%5Etfw\">31 de agosto de 2019<\/a><\/blockquote><\/div>\n<\/div><\/figure>\n\n\n\n<p>Y se solt\u00f3 sin piedad la golpiza. \u201c\u00a1Ya,\nya, ya, por piedad ya d\u00e9jenme! \u00a1Yo no lo hice!\u201d\u2026 \u201c\u00a1Denles en la madre, s\u00f3lo as\u00ed\nentienden, la polic\u00eda nunca a llegar, nunca va a hacer nada!\u201d. Las s\u00faplicas y\nlas respuestas de los vecinos.<\/p>\n\n\n\n<p>Pero tras la alerta, pues un polic\u00eda\nmunicipal est\u00e1 en el grupo de Whatsapp de seguridad de los vecinos, llegaron\nlos uniformados para rescatar a tiempo al individuo que estuvo a punto de ser\nlinchado y detuvieron a otro.<\/p>\n\n\n\n<p>\u201cLa verdad ya estamos hasta la madre,\naqu\u00ed ratero que llegue, ratero que lo linchamos\u201d, la excusa de los vecinos,\nirritados.<\/p>\n\n\n\n<p>As\u00ed impidieron el asalto de una persona\nque llevaba la raya a unos 15 alba\u00f1iles y obreros de una construcci\u00f3n de tres\npisos. \u201c\u00a1Voy al MP a declarar, para que encierren a esos hijos de su pinche\nmadre!\u201d, el clamor de una madre de familia, que fue acompa\u00f1ada por su familia.<\/p>\n\n\n\n<p>SIGUE OLA VIOLENTA<\/p>\n\n\n\n<p>Pero los hechos de La Cascada eran el\ninicio de una tarde de s\u00e1bado violento en la ciudad de Oaxaca.<\/p>\n\n\n\n<p>Apenas una hora y media despu\u00e9s, otro reporte de asalto. En la calle Santos Degollado, casi esquina con Perif\u00e9rico, una mujer fue despojada de m\u00e1s de 20 mil pesos, tras lo cual los delincuentes huyeron.<\/p>\n\n\n\n<figure class=\"wp-block-image\"><img decoding=\"async\" width=\"1024\" height=\"576\" src=\"http:\/\/www.zonaroja.com.mx\/wp-content\/uploads\/2019\/08\/9e6cd75d-d37a-46d7-be20-347a25f8cff4-1024x576.jpg\" alt=\"\" class=\"wp-image-3564\" srcset=\"https:\/\/zonaroja.com.mx\/wp-content\/uploads\/2019\/08\/9e6cd75d-d37a-46d7-be20-347a25f8cff4-1024x576.jpg 1024w, https:\/\/zonaroja.com.mx\/wp-content\/uploads\/2019\/08\/9e6cd75d-d37a-46d7-be20-347a25f8cff4-300x169.jpg 300w, https:\/\/zonaroja.com.mx\/wp-content\/uploads\/2019\/08\/9e6cd75d-d37a-46d7-be20-347a25f8cff4-768x432.jpg 768w, https:\/\/zonaroja.com.mx\/wp-content\/uploads\/2019\/08\/9e6cd75d-d37a-46d7-be20-347a25f8cff4-1170x658.jpg 1170w, https:\/\/zonaroja.com.mx\/wp-content\/uploads\/2019\/08\/9e6cd75d-d37a-46d7-be20-347a25f8cff4-585x329.jpg 585w, https:\/\/zonaroja.com.mx\/wp-content\/uploads\/2019\/08\/9e6cd75d-d37a-46d7-be20-347a25f8cff4.jpg 1280w\" sizes=\"(max-width: 1024px) 100vw, 1024px\" \/><\/figure>\n\n\n\n<p>Posteriormente circul\u00f3 una fotograf\u00eda\nen redes sociales de los probables asaltantes, que transitaban en una\nmotocicleta roja, en la calle Moctezuma del barrio La Noria, frente a la mirada\nat\u00f3nita de los vecinos. Pero la polic\u00eda no pudo dar con \u00e9stos.<\/p>\n\n\n\n<p>Por la noche igual, la violencia segu\u00eda\nfuerte. En la calle de Las Casas esquina 20 de Noviembre, a dos cuadras del\nz\u00f3calo, una mujer fue agredida en un intento de asalto.<\/p>\n\n\n\n<p>Y a eso de las nueve de la noche, dos personas fueron golpeadas y atracadas, en la calle Privada de las Casas, casi esquina con Perif\u00e9rico. En todos los casos, la Polic\u00eda Municipal, nunca lleg\u00f3 a tiempo.<\/p>\n\n\n\n<figure class=\"wp-block-embed-twitter wp-block-embed is-type-rich is-provider-twitter\"><div class=\"wp-block-embed__wrapper\">\n<div class=\"twitter-tweet\"><blockquote class=\"twitter-tweet\" data-lang=\"es\"><p lang=\"es\" dir=\"ltr\"><a href=\"https:\/\/twitter.com\/hashtag\/OaxacaRojo?src=hash&amp;ref_src=twsrc%5Etfw\">#OaxacaRojo<\/a><br>Ahora asaltan a un cuentahabiente en pleno centro de la cuidad de Oaxaca, calle Santos Degollado. <br>Extremadamente grave la inseguridad en <a href=\"https:\/\/twitter.com\/MunicipioOaxaca?ref_src=twsrc%5Etfw\">@MunicipioOaxaca<\/a>, ante desinter\u00e9s e incapacidad de <a href=\"https:\/\/twitter.com\/MunicipioSeguro?ref_src=twsrc%5Etfw\">@MunicipioSeguro<\/a> <a href=\"https:\/\/twitter.com\/oswaldogarciaj?ref_src=twsrc%5Etfw\">@oswaldogarciaj<\/a>. <a href=\"https:\/\/twitter.com\/AmpmOaxaca?ref_src=twsrc%5Etfw\">@AmpmOaxaca<\/a> <a href=\"https:\/\/twitter.com\/Tomas7J?ref_src=twsrc%5Etfw\">@Tomas7J<\/a> <a href=\"https:\/\/twitter.com\/HdezTorres1?ref_src=twsrc%5Etfw\">@HdezTorres1<\/a> <a href=\"https:\/\/t.co\/VeNNUmqzNI\">pic.twitter.com\/VeNNUmqzNI<\/a><\/p>&mdash; Zona Roja Oaxaca (@MexRoja) <a href=\"https:\/\/twitter.com\/MexRoja\/status\/1167908702348701698?ref_src=twsrc%5Etfw\">31 de agosto de 2019<\/a><\/blockquote><\/div>\n<\/div><\/figure>\n","protected":false},"excerpt":{"rendered":"<p>Ismael Garc\u00eda M.\/zona Roja. Oaxaca de Ju\u00e1rez, Oax., 31 de agosto de 2019.- \u201c\u00a1Atr\u00e1pelos! \u00a1Ya&hellip;<\/p>\n","protected":false},"author":2,"featured_media":3565,"comment_status":"closed","ping_status":"open","sticky":false,"template":"","format":"standard","meta":{"_lmt_disableupdate":"","_lmt_disable":"","_jetpack_memberships_contains_paid_content":false,"footnotes":""},"categories":[109,51],"tags":[148,115],"class_list":["post-3563","post","type-post","status-publish","format-standard","has-post-thumbnail","hentry","category-minuto-a-minuto","category-zona-roja","tag-oaxaca-de-juarez","tag-oswaldo-garcia-jarquin"],"jetpack_featured_media_url":"https:\/\/zonaroja.com.mx\/wp-content\/uploads\/2019\/08\/eZy-Watermark_31-08-2019_09-32-13p.-m..jpg","jetpack_sharing_enabled":true,"_links":{"self":[{"href":"https:\/\/zonaroja.com.mx\/index.php?rest_route=\/wp\/v2\/posts\/3563","targetHints":{"allow":["GET"]}}],"collection":[{"href":"https:\/\/zonaroja.com.mx\/index.php?rest_route=\/wp\/v2\/posts"}],"about":[{"href":"https:\/\/zonaroja.com.mx\/index.php?rest_route=\/wp\/v2\/types\/post"}],"author":[{"embeddable":true,"href":"https:\/\/zonaroja.com.mx\/index.php?rest_route=\/wp\/v2\/users\/2"}],"replies":[{"embeddable":true,"href":"https:\/\/zonaroja.com.mx\/index.php?rest_route=%2Fwp%2Fv2%2Fcomments&post=3563"}],"version-history":[{"count":1,"href":"https:\/\/zonaroja.com.mx\/index.php?rest_route=\/wp\/v2\/posts\/3563\/revisions"}],"predecessor-version":[{"id":3567,"href":"https:\/\/zonaroja.com.mx\/index.php?rest_route=\/wp\/v2\/posts\/3563\/revisions\/3567"}],"wp:featuredmedia":[{"embeddable":true,"href":"https:\/\/zonaroja.com.mx\/index.php?rest_route=\/wp\/v2\/media\/3565"}],"wp:attachment":[{"href":"https:\/\/zonaroja.com.mx\/index.php?rest_route=%2Fwp%2Fv2%2Fmedia&parent=3563"}],"wp:term":[{"taxonomy":"category","embeddable":true,"href":"https:\/\/zonaroja.com.mx\/index.php?rest_route=%2Fwp%2Fv2%2Fcategories&post=3563"},{"taxonomy":"post_tag","embeddable":true,"href":"https:\/\/zonaroja.com.mx\/index.php?rest_route=%2Fwp%2Fv2%2Ftags&post=3563"}],"curies":[{"name":"wp","href":"https:\/\/api.w.org\/{rel}","templated":true}]}}