{"id":35632,"date":"2021-12-21T21:48:23","date_gmt":"2021-12-22T03:48:23","guid":{"rendered":"http:\/\/www.zonaroja.com.mx\/?p=35632"},"modified":"2021-12-21T21:48:26","modified_gmt":"2021-12-22T03:48:26","slug":"sin-solucion-continuara-por-tercer-dia-bloqueos-a-oaxaca-capital","status":"publish","type":"post","link":"https:\/\/zonaroja.com.mx\/?p=35632","title":{"rendered":"Sin soluci\u00f3n, continuar\u00e1 por tercer d\u00eda bloqueos a Oaxaca capital"},"content":{"rendered":"\n<p>Ismael Garc\u00eda M.\/Zona Roja.<\/p>\n\n\n\n<p>Oaxaca de Ju\u00e1rez, Oax., 21 de diciembre de 2021.- Sin atenci\u00f3n por parte del edil de Oaxaca de Ju\u00e1rez ni mediaci\u00f3n de la Secretar\u00eda General de Gobierno, los bloqueos a la capital por parte de sindicalizados, continuar\u00e1 por tercer d\u00eda.<\/p>\n\n\n\n<p>Hasta esta noche, pocos cierres viales se hab\u00edan retirado, en su mayor\u00eda en el centro de la ciudad; s\u00f3lo el Sindicato \u201c3 de Marzo\u201d a\u00fan no se repliega y ya anunci\u00f3 que continuar\u00e1 con su jornada de bloqueos para este mi\u00e9rcoles.<\/p>\n\n\n\n<p>Las movilizaciones iniciaron hoy a las 06:00 horas en toda la periferia y paulatinamente se incrementaron en el Centro Hist\u00f3rico por parte de los otros gremios, que tambi\u00e9n exigen el pago de su aguinaldo.<\/p>\n\n\n\n<p>Ahora incluy\u00f3 el cierre de los accesos a algunos centros comerciales de la capital, acci\u00f3n que repetir\u00e1n ma\u00f1ana, a falta de pago.<\/p>\n\n\n\n<figure class=\"wp-block-embed is-type-rich is-provider-twitter wp-block-embed-twitter\"><div class=\"wp-block-embed__wrapper\">\n<div class=\"twitter-tweet\"><blockquote class=\"twitter-tweet\" data-lang=\"es\"><p lang=\"es\" dir=\"ltr\"><a href=\"https:\/\/twitter.com\/hashtag\/ENVIVO?src=hash&amp;ref_src=twsrc%5Etfw\">#ENVIVO<\/a> <br>Aumentan los bloqueos en la ciudad de <a href=\"https:\/\/twitter.com\/hashtag\/Oaxaca?src=hash&amp;ref_src=twsrc%5Etfw\">#Oaxaca<\/a> por parte de trabajadores que exigen aguinaldo y ahora se suman elementos de la Polic\u00eda Vial Municipal, que se concentra en la Alameda de Le\u00f3n para parar labores. <br><br>Transmisi\u00f3n: <br>\ud83d\udc47<a href=\"https:\/\/t.co\/akh9dxGySm\">https:\/\/t.co\/akh9dxGySm<\/a> <a href=\"https:\/\/t.co\/zHeLqLeHnM\">pic.twitter.com\/zHeLqLeHnM<\/a><\/p>&mdash; Zona Roja Oaxaca (@Zona_Roja_Oax) <a href=\"https:\/\/twitter.com\/Zona_Roja_Oax\/status\/1473378694530056198?ref_src=twsrc%5Etfw\">21 de diciembre de 2021<\/a><\/blockquote><\/div>\n<\/div><\/figure>\n\n\n\n<p>Este martes, alrededor de las 13:00 horas, elementos de la Polic\u00eda Vial Municipal se concentraron en la Alameda de Le\u00f3n para informar a su superior que parar\u00edan labores, sin afectar a los ciudadanos, para sumarse a la exigencia.<\/p>\n\n\n\n<p>Despu\u00e9s marcharon a la Plaza de la Danza, frente al palacio municipal, donde se concentraron por unas horas.<\/p>\n\n\n\n<p>Hasta las 21:00 horas, no hab\u00eda informaci\u00f3n oficial ni de la Segego ni del ayuntamiento, acerca de las negociaciones, mientras que en algunos puntos de los bloqueos, sindicalizados del \u201c3 de Marzo\u201d se preparan para pernoctar.<\/p>\n\n\n\n<p>Del edil Oswaldo Garc\u00eda Jarqu\u00edn, nadie sabe su paradero y presuntamente ya huy\u00f3 de Oaxaca.<\/p>\n\n\n\n<figure class=\"wp-block-embed is-type-rich is-provider-twitter wp-block-embed-twitter\"><div class=\"wp-block-embed__wrapper\">\n<div class=\"twitter-tweet\"><blockquote class=\"twitter-tweet\" data-lang=\"es\"><p lang=\"es\" dir=\"ltr\"><a href=\"https:\/\/twitter.com\/hashtag\/%C3%9AltimoMinuto?src=hash&amp;ref_src=twsrc%5Etfw\">#\u00daltimoMinuto<\/a> <br>Se suman otros sindicatos del ayuntamiento de <a href=\"https:\/\/twitter.com\/hashtag\/Oaxaca?src=hash&amp;ref_src=twsrc%5Etfw\">#Oaxaca<\/a> de Ju\u00e1rez a m\u00e1s bloqueos y ahora tambi\u00e9n hay cierre de calles en el Centro Hist\u00f3rico, as\u00ed como al acceso a diversos centros comerciales de la capital. <a href=\"https:\/\/t.co\/6AY8KgXCh3\">pic.twitter.com\/6AY8KgXCh3<\/a><\/p>&mdash; Zona Roja Oaxaca (@Zona_Roja_Oax) <a href=\"https:\/\/twitter.com\/Zona_Roja_Oax\/status\/1473294389699035138?ref_src=twsrc%5Etfw\">21 de diciembre de 2021<\/a><\/blockquote><\/div>\n<\/div><\/figure>\n","protected":false},"excerpt":{"rendered":"<p>Ismael Garc\u00eda M.\/Zona Roja. Oaxaca de Ju\u00e1rez, Oax., 21 de diciembre de 2021.- Sin atenci\u00f3n&hellip;<\/p>\n","protected":false},"author":2,"featured_media":35633,"comment_status":"closed","ping_status":"open","sticky":false,"template":"","format":"standard","meta":{"_lmt_disableupdate":"","_lmt_disable":"","_jetpack_memberships_contains_paid_content":false,"footnotes":""},"categories":[109,47],"tags":[2987],"class_list":["post-35632","post","type-post","status-publish","format-standard","has-post-thumbnail","hentry","category-minuto-a-minuto","category-zona-gris","tag-sindicato-3-de-marzo-oaxaca"],"jetpack_featured_media_url":"https:\/\/zonaroja.com.mx\/wp-content\/uploads\/2021\/12\/Bloqueos-ciudad-de-Oaxaca.jpg","jetpack_sharing_enabled":true,"_links":{"self":[{"href":"https:\/\/zonaroja.com.mx\/index.php?rest_route=\/wp\/v2\/posts\/35632","targetHints":{"allow":["GET"]}}],"collection":[{"href":"https:\/\/zonaroja.com.mx\/index.php?rest_route=\/wp\/v2\/posts"}],"about":[{"href":"https:\/\/zonaroja.com.mx\/index.php?rest_route=\/wp\/v2\/types\/post"}],"author":[{"embeddable":true,"href":"https:\/\/zonaroja.com.mx\/index.php?rest_route=\/wp\/v2\/users\/2"}],"replies":[{"embeddable":true,"href":"https:\/\/zonaroja.com.mx\/index.php?rest_route=%2Fwp%2Fv2%2Fcomments&post=35632"}],"version-history":[{"count":1,"href":"https:\/\/zonaroja.com.mx\/index.php?rest_route=\/wp\/v2\/posts\/35632\/revisions"}],"predecessor-version":[{"id":35634,"href":"https:\/\/zonaroja.com.mx\/index.php?rest_route=\/wp\/v2\/posts\/35632\/revisions\/35634"}],"wp:featuredmedia":[{"embeddable":true,"href":"https:\/\/zonaroja.com.mx\/index.php?rest_route=\/wp\/v2\/media\/35633"}],"wp:attachment":[{"href":"https:\/\/zonaroja.com.mx\/index.php?rest_route=%2Fwp%2Fv2%2Fmedia&parent=35632"}],"wp:term":[{"taxonomy":"category","embeddable":true,"href":"https:\/\/zonaroja.com.mx\/index.php?rest_route=%2Fwp%2Fv2%2Fcategories&post=35632"},{"taxonomy":"post_tag","embeddable":true,"href":"https:\/\/zonaroja.com.mx\/index.php?rest_route=%2Fwp%2Fv2%2Ftags&post=35632"}],"curies":[{"name":"wp","href":"https:\/\/api.w.org\/{rel}","templated":true}]}}