{"id":35635,"date":"2021-12-21T22:29:01","date_gmt":"2021-12-22T04:29:01","guid":{"rendered":"http:\/\/www.zonaroja.com.mx\/?p=35635"},"modified":"2021-12-21T22:29:04","modified_gmt":"2021-12-22T04:29:04","slug":"tres-muertos-entre-ellos-un-linchado-saldo-rojo-en-oaxaca","status":"publish","type":"post","link":"https:\/\/zonaroja.com.mx\/?p=35635","title":{"rendered":"Tres muertos, entre ellos un linchado, saldo rojo en Oaxaca"},"content":{"rendered":"\n<p>Redacci\u00f3n\/Zona Roja.<\/p>\n\n\n\n<p>Oaxaca de Ju\u00e1rez, Oax., 21 de diciembre de 2021.- Un presunto delincuente linchado, un hombre y una mujer ejecutados y una femenina baleada, es el saldo preliminar de la violencia en Oaxaca, este martes.<\/p>\n\n\n\n<p>Cerca de las 03:00 horas, al menos tres sujetos hicieron la parada a un autob\u00fas de la l\u00ednea Fletes y Pasajes (Fypsa), a la altura del kil\u00f3metro 72 de la carretera federal 190, Oaxaca-Istmo, en jurisdicci\u00f3n de San Pedro Totol\u00e1pam.<\/p>\n\n\n\n<p>Tras ello, ingresaron a la unidad y amagaron con pistolas a los pasajeros; sin embargo, el chofer de la unidad con n\u00famero econ\u00f3mico 625 y placas de circulaci\u00f3n 784HX4, maniobr\u00f3 y choc\u00f3 contra un cerro, lo que descontrol\u00f3 a los maleantes que salieron huyendo, tras disparar armas de fuego y herir a dos personas.<\/p>\n\n\n\n<p>Uno de los presuntos delincuentes fue alcanzado al descender del autob\u00fas, lo que aprovecharon los usuarios y pobladores de la zona para someterlo y lincharlo; hasta el momento permanece en calidad de desconocido.<\/p>\n\n\n\n<p>Por otra parte, tambi\u00e9n en la madrugada de hoy, sujetos armados ingresaron a un domicilio en la calle Constituci\u00f3n de la Sexta Secci\u00f3n de Juchit\u00e1n de Zaragoza y asesinaron a dos personas.<\/p>\n\n\n\n<p>Fueron identificadas de manera preliminar como Francisco H., de 34 a\u00f1os de edad, y Luisa del Carmen, de 24 a\u00f1os de edad.<\/p>\n\n\n\n<p>Horas m\u00e1s tarde, tambi\u00e9n en Juchit\u00e1n, fue lesionada de bala una mujer de aproximadamente 47 a\u00f1os de edad, en el fraccionamiento La Planta; fue trasladada a un hospital y a\u00fan se desconocen las razones del ataque armado.<\/p>\n","protected":false},"excerpt":{"rendered":"<p>Redacci\u00f3n\/Zona Roja. Oaxaca de Ju\u00e1rez, Oax., 21 de diciembre de 2021.- Un presunto delincuente linchado,&hellip;<\/p>\n","protected":false},"author":2,"featured_media":35636,"comment_status":"closed","ping_status":"open","sticky":false,"template":"","format":"standard","meta":{"_lmt_disableupdate":"","_lmt_disable":"","_jetpack_memberships_contains_paid_content":false,"footnotes":""},"categories":[109,47],"tags":[1390],"class_list":["post-35635","post","type-post","status-publish","format-standard","has-post-thumbnail","hentry","category-minuto-a-minuto","category-zona-gris","tag-san-pedro-totolapam"],"jetpack_featured_media_url":"https:\/\/zonaroja.com.mx\/wp-content\/uploads\/2021\/12\/Asalto-autobus-Totolapam.jpg","jetpack_sharing_enabled":true,"_links":{"self":[{"href":"https:\/\/zonaroja.com.mx\/index.php?rest_route=\/wp\/v2\/posts\/35635","targetHints":{"allow":["GET"]}}],"collection":[{"href":"https:\/\/zonaroja.com.mx\/index.php?rest_route=\/wp\/v2\/posts"}],"about":[{"href":"https:\/\/zonaroja.com.mx\/index.php?rest_route=\/wp\/v2\/types\/post"}],"author":[{"embeddable":true,"href":"https:\/\/zonaroja.com.mx\/index.php?rest_route=\/wp\/v2\/users\/2"}],"replies":[{"embeddable":true,"href":"https:\/\/zonaroja.com.mx\/index.php?rest_route=%2Fwp%2Fv2%2Fcomments&post=35635"}],"version-history":[{"count":1,"href":"https:\/\/zonaroja.com.mx\/index.php?rest_route=\/wp\/v2\/posts\/35635\/revisions"}],"predecessor-version":[{"id":35637,"href":"https:\/\/zonaroja.com.mx\/index.php?rest_route=\/wp\/v2\/posts\/35635\/revisions\/35637"}],"wp:featuredmedia":[{"embeddable":true,"href":"https:\/\/zonaroja.com.mx\/index.php?rest_route=\/wp\/v2\/media\/35636"}],"wp:attachment":[{"href":"https:\/\/zonaroja.com.mx\/index.php?rest_route=%2Fwp%2Fv2%2Fmedia&parent=35635"}],"wp:term":[{"taxonomy":"category","embeddable":true,"href":"https:\/\/zonaroja.com.mx\/index.php?rest_route=%2Fwp%2Fv2%2Fcategories&post=35635"},{"taxonomy":"post_tag","embeddable":true,"href":"https:\/\/zonaroja.com.mx\/index.php?rest_route=%2Fwp%2Fv2%2Ftags&post=35635"}],"curies":[{"name":"wp","href":"https:\/\/api.w.org\/{rel}","templated":true}]}}