{"id":35638,"date":"2021-12-21T22:32:01","date_gmt":"2021-12-22T04:32:01","guid":{"rendered":"http:\/\/www.zonaroja.com.mx\/?p=35638"},"modified":"2021-12-21T22:32:06","modified_gmt":"2021-12-22T04:32:06","slug":"baja-ocupacion-hospitalaria-por-covid-a-18-7-en-oaxaca","status":"publish","type":"post","link":"https:\/\/zonaroja.com.mx\/?p=35638","title":{"rendered":"Baja ocupaci\u00f3n hospitalaria por Covid a 18.7% en Oaxaca"},"content":{"rendered":"\n<p>Redacci\u00f3n\/Zona Roja.<\/p>\n\n\n\n<p>Oaxaca de Ju\u00e1rez, Oax., 21 de diciembre de 2021.- Este 21 de diciembre, Oaxaca registr\u00f3 21 casos nuevos de Covid-19, elevando la cifra total de acumulados a 83 mil 843 contagios; en tanto, el n\u00famero de fallecimientos se increment\u00f3 a cinco mil 644, tras registrarse cuatro decesos en la \u00faltima jornada, informaron los Servicios de Salud de Oaxaca (SSO).<\/p>\n\n\n\n<p>La dependencia indic\u00f3 que los municipios que encabezan la lista de pacientes nuevos son: Oaxaca de Ju\u00e1rez con cinco notificaciones y la Heroica Ciudad de Huajuapan de Le\u00f3n con dos, el resto un contagio. Para un global de 16 Ayuntamientos con pacientes reportados este martes.<\/p>\n\n\n\n<p>El informe diario refiere que se tienen contabilizados 85 casos activos del SARS-CoV-2 en 41 municipios, hay un global de 78 mil 114 personas que ya fueron dados de alta m\u00e9dica, adem\u00e1s de cinco mil 840 casos sospechosos y 69 mil 208 negativos al padecimiento infeccioso.<\/p>\n\n\n\n<p>Por distribuci\u00f3n geogr\u00e1fica Valles Centrales suma 50 mil 843 casos, de estos 52 est\u00e1n activos; Istmo 11 mil 845 casos, de los cuales 10 son activos; Tuxtepec cinco mil 796 casos y tres activos; Costa cinco mil 883 casos y seis activos; Mixteca seis mil 508 casos y 12 activos; Sierra dos mil 968 casos y dos en etapa activa.<\/p>\n\n\n\n<figure class=\"wp-block-embed is-type-rich is-provider-twitter wp-block-embed-twitter\"><div class=\"wp-block-embed__wrapper\">\n<div class=\"twitter-tweet\"><blockquote class=\"twitter-tweet\" data-lang=\"es\"><p lang=\"es\" dir=\"ltr\"><a href=\"https:\/\/twitter.com\/hashtag\/%C3%9AltimoMinuo?src=hash&amp;ref_src=twsrc%5Etfw\">#\u00daltimoMinuo<\/a><br>Este martes, los Servicios de Salud de <a href=\"https:\/\/twitter.com\/hashtag\/Oaxaca?src=hash&amp;ref_src=twsrc%5Etfw\">#Oaxaca<\/a> reportaron 21 casos positivos a Covid y 4 fallecimientos.<br>Suman 83 mil 843 casos confirmados y 5 mil 644 decesos.<br>Hay 4 nosocomios llenos de pacientes; la ocupaci\u00f3n hospitalaria promedio baj\u00f3 a 18.7%. <a href=\"https:\/\/t.co\/TnhspeB1Dz\">pic.twitter.com\/TnhspeB1Dz<\/a><\/p>&mdash; Zona Roja Oaxaca (@Zona_Roja_Oax) <a href=\"https:\/\/twitter.com\/Zona_Roja_Oax\/status\/1473475558776483844?ref_src=twsrc%5Etfw\">22 de diciembre de 2021<\/a><\/blockquote><\/div>\n<\/div><\/figure>\n\n\n\n<p>Conforme a las cifras de mortalidad, Valles Centrales concentra el mayor n\u00famero de decesos con dos mil 508, seguido del Istmo con mil 205, Mixteca con 576, Tuxtepec con 559, Costa con 472 y Sierra con 324.<\/p>\n\n\n\n<p>La prevalencia del SARS-CoV-2 por sexo, se mantienen con una tendencia m\u00e1s alta en varones, quienes contabilizan un total de 43 mil 584 casos, de los cuales tres mil 600 perdieron la vida, respecto al sector femenil que acumula 40 mil 259 casos y dos mil 044 decesos.<\/p>\n\n\n\n<p>A nivel estatal, la red hospitalaria se encuentra al 18.7% de saturaci\u00f3n, con un total de cuatro nosocomios al 100%, mientras que la disponibilidad de camas se ubic\u00f3 en 343; en las \u00faltimas 24 horas, cuatro personas fueron ingresadas a hospitalizaci\u00f3n, para un global de 79 pacientes.<\/p>\n\n\n\n<p>En tanto, los centros m\u00e9dicos que se encuentran en la Mixteca trabajan al 54.1% de su capacidad, seguido de Tuxtepec al 17.6%, en Valles Centrales 20.1%, Costa al 10.9%, Istmo 8.3 % y la Sierra con 0%.<\/p>\n\n\n\n<p>Para coadyuvar a frenar el avance de la pandemia en la entidad, y con ello reducir tambi\u00e9n el impacto econ\u00f3mico, la dependencia pidi\u00f3 a la poblaci\u00f3n a mantener precauciones en los espacios p\u00fablicos, aplicando cabalmente los protocolos sanitarios como: uso correcto del cubrebocas, sana distancia, lavado de manos con agua y jab\u00f3n, evitar lugares concurridos y salidas innecesarias.<\/p>\n\n\n\n<p>(Comunicado)<\/p>\n","protected":false},"excerpt":{"rendered":"<p>Redacci\u00f3n\/Zona Roja. Oaxaca de Ju\u00e1rez, Oax., 21 de diciembre de 2021.- Este 21 de diciembre,&hellip;<\/p>\n","protected":false},"author":2,"featured_media":35639,"comment_status":"closed","ping_status":"open","sticky":false,"template":"","format":"standard","meta":{"_lmt_disableupdate":"","_lmt_disable":"","_jetpack_memberships_contains_paid_content":false,"footnotes":""},"categories":[109,47],"tags":[1512],"class_list":["post-35638","post","type-post","status-publish","format-standard","has-post-thumbnail","hentry","category-minuto-a-minuto","category-zona-gris","tag-coronavirus-oaxaca"],"jetpack_featured_media_url":"https:\/\/zonaroja.com.mx\/wp-content\/uploads\/2021\/12\/21-de-diciembre-de-2021.-Comunicado-Te\u0301cnico-COVID-19.jpg","jetpack_sharing_enabled":true,"_links":{"self":[{"href":"https:\/\/zonaroja.com.mx\/index.php?rest_route=\/wp\/v2\/posts\/35638","targetHints":{"allow":["GET"]}}],"collection":[{"href":"https:\/\/zonaroja.com.mx\/index.php?rest_route=\/wp\/v2\/posts"}],"about":[{"href":"https:\/\/zonaroja.com.mx\/index.php?rest_route=\/wp\/v2\/types\/post"}],"author":[{"embeddable":true,"href":"https:\/\/zonaroja.com.mx\/index.php?rest_route=\/wp\/v2\/users\/2"}],"replies":[{"embeddable":true,"href":"https:\/\/zonaroja.com.mx\/index.php?rest_route=%2Fwp%2Fv2%2Fcomments&post=35638"}],"version-history":[{"count":1,"href":"https:\/\/zonaroja.com.mx\/index.php?rest_route=\/wp\/v2\/posts\/35638\/revisions"}],"predecessor-version":[{"id":35640,"href":"https:\/\/zonaroja.com.mx\/index.php?rest_route=\/wp\/v2\/posts\/35638\/revisions\/35640"}],"wp:featuredmedia":[{"embeddable":true,"href":"https:\/\/zonaroja.com.mx\/index.php?rest_route=\/wp\/v2\/media\/35639"}],"wp:attachment":[{"href":"https:\/\/zonaroja.com.mx\/index.php?rest_route=%2Fwp%2Fv2%2Fmedia&parent=35638"}],"wp:term":[{"taxonomy":"category","embeddable":true,"href":"https:\/\/zonaroja.com.mx\/index.php?rest_route=%2Fwp%2Fv2%2Fcategories&post=35638"},{"taxonomy":"post_tag","embeddable":true,"href":"https:\/\/zonaroja.com.mx\/index.php?rest_route=%2Fwp%2Fv2%2Ftags&post=35638"}],"curies":[{"name":"wp","href":"https:\/\/api.w.org\/{rel}","templated":true}]}}