{"id":35641,"date":"2021-12-22T07:35:32","date_gmt":"2021-12-22T13:35:32","guid":{"rendered":"http:\/\/www.zonaroja.com.mx\/?p=35641"},"modified":"2021-12-22T07:35:47","modified_gmt":"2021-12-22T13:35:47","slug":"revocan-expulsion-de-ulises-ruiz-y-nallely-gutierrez-del-pri","status":"publish","type":"post","link":"https:\/\/zonaroja.com.mx\/?p=35641","title":{"rendered":"Revocan expulsi\u00f3n de Ulises Ruiz y Nallely Guti\u00e9rrez del PRI"},"content":{"rendered":"\n<p>Redacci\u00f3n\/Zona Roja Cdmx.<\/p>\n\n\n\n<p>Ciudad de M\u00e9xico, 21 de diciembre de 2021.- El Tribunal Electoral de Ciudad M\u00e9xico revoc\u00f3 la resoluci\u00f3n de la Comisi\u00f3n de Justicia Partidaria del PRI con la que expulsaron a Nallely Guti\u00e9rrez y al exgobernador de Oaxaca, Ulises Ruiz Ortiz, por lo que seguir\u00e1n como priistas.<\/p>\n\n\n\n<p>\u201cRevoca el Tribunal Electoral de Ciudad de M\u00e9xico mi expulsi\u00f3n del PRI. Quedan a salvo mis derechos partidistas. Contra las trampas de @alitomorenoc, se impone la justicia\u201d, inform\u00f3 Ulises Ruiz Ortiz a trav\u00e9s de redes sociales.<\/p>\n\n\n\n<p>En otro mensaje, Nallely Guti\u00e9rrez tambi\u00e9n destac\u00f3 que el Tribunal decidido revocar la resoluci\u00f3n con la que \u201cinjustamente\u201d aplic\u00f3 el dirigente nacional, Alejabdro Moreno.<\/p>\n\n\n\n<p>\u201cQueda evidenciada la arbitrariedad, la persecuci\u00f3n pol\u00edtica y violencia pol\u00edtica en raz\u00f3n de g\u00e9nero que he sufrido. Mis derechos partidarios prevalecen. #Justicia\u201d, a\u00f1adi\u00f3.<\/p>\n\n\n\n<p>Fue el 10 de septiembre pasado en que la Comisi\u00f3n de Justicia Partidaria del PRI determin\u00f3 por una unanimidad, la expulsi\u00f3n del partido de Nallely Ileana Guti\u00e9rrez Gij\u00f3n y de Ulises Ernesto Ruiz Ortiz, quienes participaron en el bloqueo a las instalaciones del tricolor en junio pasado.<\/p>\n\n\n\n<p>En el caso de Nallely Ileana Guti\u00e9rrez Gij\u00f3n se acreditaron conductas de apoyo a fuerzas pol\u00edticas y candidatos antag\u00f3nicos al tricolor; hacer actos que buscaban dividir al partido, proceder con indisciplina grave y realizar actividades de desprestigio en contra de dirigentes priistas, puntualiz\u00f3.<\/p>\n\n\n\n<p>Por lo que hace a Ulises Ruiz, ex gobernador de Oaxaca, se tuvo por demostrado que realiz\u00f3 actos para dividir a la fuerza pol\u00edtica, atent\u00f3 de manera grave contra su unidad ideol\u00f3gica e hizo actos de desprestigio en contra de su dirigencia.<\/p>\n\n\n\n<p>(Informaci\u00f3n de \u201cPol\u00edtico Mx\u201d)<\/p>\n","protected":false},"excerpt":{"rendered":"<p>Redacci\u00f3n\/Zona Roja Cdmx. Ciudad de M\u00e9xico, 21 de diciembre de 2021.- El Tribunal Electoral de&hellip;<\/p>\n","protected":false},"author":2,"featured_media":35642,"comment_status":"closed","ping_status":"open","sticky":false,"template":"","format":"standard","meta":{"_lmt_disableupdate":"","_lmt_disable":"","_jetpack_memberships_contains_paid_content":false,"footnotes":""},"categories":[109,47],"tags":[749],"class_list":["post-35641","post","type-post","status-publish","format-standard","has-post-thumbnail","hentry","category-minuto-a-minuto","category-zona-gris","tag-ulises-ruiz-ortiz"],"jetpack_featured_media_url":"https:\/\/zonaroja.com.mx\/wp-content\/uploads\/2021\/12\/Ulises-Ruiz-y-Nallely.jpg","jetpack_sharing_enabled":true,"_links":{"self":[{"href":"https:\/\/zonaroja.com.mx\/index.php?rest_route=\/wp\/v2\/posts\/35641","targetHints":{"allow":["GET"]}}],"collection":[{"href":"https:\/\/zonaroja.com.mx\/index.php?rest_route=\/wp\/v2\/posts"}],"about":[{"href":"https:\/\/zonaroja.com.mx\/index.php?rest_route=\/wp\/v2\/types\/post"}],"author":[{"embeddable":true,"href":"https:\/\/zonaroja.com.mx\/index.php?rest_route=\/wp\/v2\/users\/2"}],"replies":[{"embeddable":true,"href":"https:\/\/zonaroja.com.mx\/index.php?rest_route=%2Fwp%2Fv2%2Fcomments&post=35641"}],"version-history":[{"count":2,"href":"https:\/\/zonaroja.com.mx\/index.php?rest_route=\/wp\/v2\/posts\/35641\/revisions"}],"predecessor-version":[{"id":35644,"href":"https:\/\/zonaroja.com.mx\/index.php?rest_route=\/wp\/v2\/posts\/35641\/revisions\/35644"}],"wp:featuredmedia":[{"embeddable":true,"href":"https:\/\/zonaroja.com.mx\/index.php?rest_route=\/wp\/v2\/media\/35642"}],"wp:attachment":[{"href":"https:\/\/zonaroja.com.mx\/index.php?rest_route=%2Fwp%2Fv2%2Fmedia&parent=35641"}],"wp:term":[{"taxonomy":"category","embeddable":true,"href":"https:\/\/zonaroja.com.mx\/index.php?rest_route=%2Fwp%2Fv2%2Fcategories&post=35641"},{"taxonomy":"post_tag","embeddable":true,"href":"https:\/\/zonaroja.com.mx\/index.php?rest_route=%2Fwp%2Fv2%2Ftags&post=35641"}],"curies":[{"name":"wp","href":"https:\/\/api.w.org\/{rel}","templated":true}]}}