{"id":35645,"date":"2021-12-22T07:52:13","date_gmt":"2021-12-22T13:52:13","guid":{"rendered":"http:\/\/www.zonaroja.com.mx\/?p=35645"},"modified":"2021-12-22T07:52:19","modified_gmt":"2021-12-22T13:52:19","slug":"impulsa-sspo-prevencion-en-la-region-mixteca-titular-se-reune-con-transportistas","status":"publish","type":"post","link":"https:\/\/zonaroja.com.mx\/?p=35645","title":{"rendered":"Impulsa SSPO prevenci\u00f3n en la regi\u00f3n Mixteca; titular se re\u00fane con transportistas"},"content":{"rendered":"\n<p>Redacci\u00f3n\/Zona Roja.<\/p>\n\n\n\n<p>Oaxaca de Ju\u00e1rez, Oax., 22 de diciembre de 2021.- La encargada de Despacho de la Secretar\u00eda de Seguridad P\u00fablica de Oaxaca, Dalia Ba\u00f1os Noyola, particip\u00f3 ayer en la campa\u00f1a de concientizaci\u00f3n y prevenci\u00f3n de accidentes viales, impulsada por la Polic\u00eda Vial Estatal en la regi\u00f3n Mixteca.<\/p>\n\n\n\n<p>En Huajuapan de Le\u00f3n, ante la presencia de m\u00e1s de 600 trasportistas del servicio p\u00fablico, en modalidad de taxi y suburban, se llev\u00f3 a cabo el pegado de microperforados que brindan servicio en rutas locales y de la Mixteca Alta.<\/p>\n\n\n\n<p>Ba\u00f1os Noyola exhort\u00f3 a la poblaci\u00f3n a seguir las recomendaciones de la Polic\u00eda Vial Estatal para reducir los hechos de tr\u00e1nsito; se\u00f1al\u00f3 que los accidentes en motocicleta son los m\u00e1s comunes en la entidad, por ello, recomend\u00f3 el uso de casco obligatorio, dictaminado en el art\u00edculo 53 de la Ley de Movilidad y Tr\u00e1nsito de Oaxaca.<\/p>\n\n\n\n<p>La actividad estuvo encabezada por David Antonio Jim\u00e9nez, director de la Polic\u00eda Vial Estatal, acompa\u00f1ado de elementos de la delegaci\u00f3n regional Mixteca, as\u00ed como elementos de la Polic\u00eda Estatal y Polic\u00eda Auxiliar Bancaria, Industrial y Comercial.<\/p>\n\n\n\n<figure class=\"wp-block-embed is-type-rich is-provider-twitter wp-block-embed-twitter\"><div class=\"wp-block-embed__wrapper\">\n<div class=\"twitter-tweet\"><blockquote class=\"twitter-tweet\" data-lang=\"es\"><p lang=\"es\" dir=\"ltr\">Como parte del operativo Por un Oaxaca Libre de Accidentes puesto en marcha en la entidad por la <a href=\"https:\/\/twitter.com\/PolVial_GobOax?ref_src=twsrc%5Etfw\">@PolVial_GobOax<\/a>, colocamos m\u00e1s de 600 microperforados en veh\u00edculos de servicio p\u00fablico en Huajuapan de Le\u00f3n, para concientizar y prevenir accidentes viales. <a href=\"https:\/\/twitter.com\/GobOax?ref_src=twsrc%5Etfw\">@GobOax<\/a> <a href=\"https:\/\/twitter.com\/alejandromurat?ref_src=twsrc%5Etfw\">@alejandromurat<\/a> <a href=\"https:\/\/t.co\/muvDpxuoSx\">pic.twitter.com\/muvDpxuoSx<\/a><\/p>&mdash; Sr\u00eda. Seg. P\u00fab. Oax. (@SSP_GobOax) <a href=\"https:\/\/twitter.com\/SSP_GobOax\/status\/1473399818047401988?ref_src=twsrc%5Etfw\">21 de diciembre de 2021<\/a><\/blockquote><\/div>\n<\/div><\/figure>\n\n\n\n<p>REUNI\u00d3N CON TRANSPORTISTAS<\/p>\n\n\n\n<p>Por otra parte, la encargada del despacho de la SSPO sostuvo una reuni\u00f3n de trabajo con l\u00edderes de poco m\u00e1s de 10 organizaciones sociales de la regi\u00f3n Mixteca.<\/p>\n\n\n\n<p>En el encuentro, las organizaciones expresaron su disposici\u00f3n de sumarse a las acciones de difusi\u00f3n y promoci\u00f3n de la seguridad en la regi\u00f3n.<\/p>\n\n\n\n<p>Dirigentes del transporte p\u00fablico, afiliados a organizaciones de la entidad se\u00f1alaron que los operativos de seguridad que se han puesto en marcha en la Mixteca han dado resultados positivos para la poblaci\u00f3n.<\/p>\n\n\n\n<p>El operativo Fiestas Decembrinas 2021 es uno de los que se encuentra vigente, con el cual se previene la comisi\u00f3n de delitos y se brinda auxilio a la poblaci\u00f3n, en esta coadyuvan fuerzas de seguridad estatal y federal, as\u00ed como bomberos y Protecci\u00f3n Civil.<\/p>\n\n\n\n<p>Los presentes expresaron que las acciones delictuosas impactan en la regi\u00f3n de la mixteca, por desacuerdos entre comunidades en l\u00edmites territoriales agrarios, principalmente.<\/p>\n","protected":false},"excerpt":{"rendered":"<p>Redacci\u00f3n\/Zona Roja. Oaxaca de Ju\u00e1rez, Oax., 22 de diciembre de 2021.- La encargada de Despacho&hellip;<\/p>\n","protected":false},"author":2,"featured_media":35646,"comment_status":"closed","ping_status":"open","sticky":false,"template":"","format":"standard","meta":{"_lmt_disableupdate":"","_lmt_disable":"","_jetpack_memberships_contains_paid_content":false,"footnotes":""},"categories":[109,46],"tags":[2988],"class_list":["post-35645","post","type-post","status-publish","format-standard","has-post-thumbnail","hentry","category-minuto-a-minuto","category-zona-blanca","tag-dalia-banos-noyola"],"jetpack_featured_media_url":"https:\/\/zonaroja.com.mx\/wp-content\/uploads\/2021\/12\/Dalia-Banos-Noyola-SSPO.jpg","jetpack_sharing_enabled":true,"_links":{"self":[{"href":"https:\/\/zonaroja.com.mx\/index.php?rest_route=\/wp\/v2\/posts\/35645","targetHints":{"allow":["GET"]}}],"collection":[{"href":"https:\/\/zonaroja.com.mx\/index.php?rest_route=\/wp\/v2\/posts"}],"about":[{"href":"https:\/\/zonaroja.com.mx\/index.php?rest_route=\/wp\/v2\/types\/post"}],"author":[{"embeddable":true,"href":"https:\/\/zonaroja.com.mx\/index.php?rest_route=\/wp\/v2\/users\/2"}],"replies":[{"embeddable":true,"href":"https:\/\/zonaroja.com.mx\/index.php?rest_route=%2Fwp%2Fv2%2Fcomments&post=35645"}],"version-history":[{"count":1,"href":"https:\/\/zonaroja.com.mx\/index.php?rest_route=\/wp\/v2\/posts\/35645\/revisions"}],"predecessor-version":[{"id":35647,"href":"https:\/\/zonaroja.com.mx\/index.php?rest_route=\/wp\/v2\/posts\/35645\/revisions\/35647"}],"wp:featuredmedia":[{"embeddable":true,"href":"https:\/\/zonaroja.com.mx\/index.php?rest_route=\/wp\/v2\/media\/35646"}],"wp:attachment":[{"href":"https:\/\/zonaroja.com.mx\/index.php?rest_route=%2Fwp%2Fv2%2Fmedia&parent=35645"}],"wp:term":[{"taxonomy":"category","embeddable":true,"href":"https:\/\/zonaroja.com.mx\/index.php?rest_route=%2Fwp%2Fv2%2Fcategories&post=35645"},{"taxonomy":"post_tag","embeddable":true,"href":"https:\/\/zonaroja.com.mx\/index.php?rest_route=%2Fwp%2Fv2%2Ftags&post=35645"}],"curies":[{"name":"wp","href":"https:\/\/api.w.org\/{rel}","templated":true}]}}