{"id":35655,"date":"2021-12-22T12:40:27","date_gmt":"2021-12-22T18:40:27","guid":{"rendered":"https:\/\/www.zonaroja.com.mx\/?p=35655"},"modified":"2021-12-22T12:48:16","modified_gmt":"2021-12-22T18:48:16","slug":"matan-a-balazos-a-otra-mujer-en-oaxaca-en-menos-de-24-horas","status":"publish","type":"post","link":"https:\/\/zonaroja.com.mx\/?p=35655","title":{"rendered":"Matan a balazos a otra mujer en Oaxaca, en menos de 24 horas"},"content":{"rendered":"\n<p>Ismael Garc\u00eda M.\/Zona Roja. <\/p>\n\n\n\n<p>Oaxaca de Ju\u00e1rez, Oax., 22 de diciembre de 2021.- Una segunda mujer fue asesinada a balazos en menos de 24 horas, en Juchit\u00e1n de Zaragoza, Oaxaca. <\/p>\n\n\n\n<p>Aproximadamente a las 08:00 en un domicilio de la calle Guadalupe Victoria, barrio Segunda Secci\u00f3n de ese municipio de la regi\u00f3n del Istmo, se suscit\u00f3 un asalto. <\/p>\n\n\n\n<p>Al menos tres sujetos armados ingresaron para despojar a la mujer de sus pertenencias luego de lo cual le dispararon y huyeron. <\/p>\n\n\n\n<p>Tras la llegada de elementos policiacos, hallaron el cuerpo con una soga al cuello, para simular un suicidio, pero la femenina presentaba al menos dos disparos en el pecho.<\/p>\n\n\n\n<p>De manera preliminar la v\u00edctima fue identificada como \u00c1ngela S\u00e1nchez Pineda, de 50 a\u00f1os de edad. <\/p>\n\n\n\n<p>Apenas ayer por la madrugada tambi\u00e9n en Juchit\u00e1n, asesinaron a balazos a dos personas, un hombre y una mujer, sin que hasta el momento el m\u00f3vil del doble homicidio. <\/p>\n","protected":false},"excerpt":{"rendered":"<p>Ismael Garc\u00eda M.\/Zona Roja. Oaxaca de Ju\u00e1rez, Oax., 22 de diciembre de 2021.- Una segunda&hellip;<\/p>\n","protected":false},"author":2,"featured_media":35654,"comment_status":"closed","ping_status":"open","sticky":false,"template":"","format":"standard","meta":{"_lmt_disableupdate":"","_lmt_disable":"","_jetpack_memberships_contains_paid_content":false,"footnotes":""},"categories":[109,51],"tags":[123],"class_list":["post-35655","post","type-post","status-publish","format-standard","has-post-thumbnail","hentry","category-minuto-a-minuto","category-zona-roja","tag-juchitan-de-zaragoza"],"jetpack_featured_media_url":"https:\/\/zonaroja.com.mx\/wp-content\/uploads\/2021\/12\/img_8738.jpg","jetpack_sharing_enabled":true,"_links":{"self":[{"href":"https:\/\/zonaroja.com.mx\/index.php?rest_route=\/wp\/v2\/posts\/35655","targetHints":{"allow":["GET"]}}],"collection":[{"href":"https:\/\/zonaroja.com.mx\/index.php?rest_route=\/wp\/v2\/posts"}],"about":[{"href":"https:\/\/zonaroja.com.mx\/index.php?rest_route=\/wp\/v2\/types\/post"}],"author":[{"embeddable":true,"href":"https:\/\/zonaroja.com.mx\/index.php?rest_route=\/wp\/v2\/users\/2"}],"replies":[{"embeddable":true,"href":"https:\/\/zonaroja.com.mx\/index.php?rest_route=%2Fwp%2Fv2%2Fcomments&post=35655"}],"version-history":[{"count":3,"href":"https:\/\/zonaroja.com.mx\/index.php?rest_route=\/wp\/v2\/posts\/35655\/revisions"}],"predecessor-version":[{"id":35658,"href":"https:\/\/zonaroja.com.mx\/index.php?rest_route=\/wp\/v2\/posts\/35655\/revisions\/35658"}],"wp:featuredmedia":[{"embeddable":true,"href":"https:\/\/zonaroja.com.mx\/index.php?rest_route=\/wp\/v2\/media\/35654"}],"wp:attachment":[{"href":"https:\/\/zonaroja.com.mx\/index.php?rest_route=%2Fwp%2Fv2%2Fmedia&parent=35655"}],"wp:term":[{"taxonomy":"category","embeddable":true,"href":"https:\/\/zonaroja.com.mx\/index.php?rest_route=%2Fwp%2Fv2%2Fcategories&post=35655"},{"taxonomy":"post_tag","embeddable":true,"href":"https:\/\/zonaroja.com.mx\/index.php?rest_route=%2Fwp%2Fv2%2Ftags&post=35655"}],"curies":[{"name":"wp","href":"https:\/\/api.w.org\/{rel}","templated":true}]}}