{"id":35667,"date":"2021-12-22T21:32:18","date_gmt":"2021-12-23T03:32:18","guid":{"rendered":"http:\/\/www.zonaroja.com.mx\/?p=35667"},"modified":"2021-12-22T21:32:21","modified_gmt":"2021-12-23T03:32:21","slug":"anula-tepjf-eleccion-en-mitla-avala-triunfo-de-alcaldesa-electa-en-san-jacinto-amilpas","status":"publish","type":"post","link":"https:\/\/zonaroja.com.mx\/?p=35667","title":{"rendered":"Anula TEPJF elecci\u00f3n en Mitla; avala triunfo de alcaldesa electa en San Jacinto Amilpas"},"content":{"rendered":"\n<p>Redacci\u00f3n\/Zona Roja.<\/p>\n\n\n\n<p>Oaxaca de Ju\u00e1rez, Oax., 22 de diciembre de 2021.- En sesi\u00f3n ordinaria, el pleno de la Sala Superior del Tribunal Electoral del Poder Judicial de la Federaci\u00f3n (TEPJF) revoc\u00f3 el triunfo del edil electo de la Villa de Mitla, Esa\u00fa Quero, y aval\u00f3 el triunfo de Gabriela Adriana D\u00edaz P\u00e9rez en San Jacinto Amilpas, Oaxaca.<\/p>\n\n\n\n<p>En el caso de Mitla, declar\u00f3 la nulidad de la elecci\u00f3n municipal y orden\u00f3 la celebraci\u00f3n de una elecci\u00f3n extraordinaria.<\/p>\n\n\n\n<p>La decisi\u00f3n la tom\u00f3 tras las impugnaciones de del Partido Acci\u00f3n Nacional y el Partido Nueva Alianza, tras confirmar que el candidato que hab\u00eda ganado por el Partido Revolucionario Institucional y el PRD, rebas\u00f3 los topes de campa\u00f1a.<\/p>\n\n\n\n<p>Seg\u00fan la resoluci\u00f3n, el tope de gastos se rebas\u00f3 por 6.85 %.<\/p>\n\n\n\n<p>Por otra parte, en el caso de San Jacinto Amilpas, cuyo triunfo del Partido Morena hab\u00eda revocado la Sala Xalapa del Tribunal Electoral del Poder Judicial, por considerar que la candidata electa no renunci\u00f3 a tiempo a su cargo de tesorera, la Sala Superior del mismo \u00f3rgano resolvi\u00f3 reconocer a favor de Gabriela Adriana D\u00edaz P\u00e9rez.<\/p>\n","protected":false},"excerpt":{"rendered":"<p>Redacci\u00f3n\/Zona Roja. Oaxaca de Ju\u00e1rez, Oax., 22 de diciembre de 2021.- En sesi\u00f3n ordinaria, el&hellip;<\/p>\n","protected":false},"author":2,"featured_media":35668,"comment_status":"closed","ping_status":"open","sticky":false,"template":"","format":"standard","meta":{"_lmt_disableupdate":"","_lmt_disable":"","_jetpack_memberships_contains_paid_content":false,"footnotes":""},"categories":[109,47],"tags":[77,1127],"class_list":["post-35667","post","type-post","status-publish","format-standard","has-post-thumbnail","hentry","category-minuto-a-minuto","category-zona-gris","tag-san-jacinto-amilpas","tag-san-pablo-villa-de-mitla"],"jetpack_featured_media_url":"https:\/\/zonaroja.com.mx\/wp-content\/uploads\/2021\/12\/Tribunal-Electoral-del-Poder-Judicial-de-la-Federacion.jpg","jetpack_sharing_enabled":true,"_links":{"self":[{"href":"https:\/\/zonaroja.com.mx\/index.php?rest_route=\/wp\/v2\/posts\/35667","targetHints":{"allow":["GET"]}}],"collection":[{"href":"https:\/\/zonaroja.com.mx\/index.php?rest_route=\/wp\/v2\/posts"}],"about":[{"href":"https:\/\/zonaroja.com.mx\/index.php?rest_route=\/wp\/v2\/types\/post"}],"author":[{"embeddable":true,"href":"https:\/\/zonaroja.com.mx\/index.php?rest_route=\/wp\/v2\/users\/2"}],"replies":[{"embeddable":true,"href":"https:\/\/zonaroja.com.mx\/index.php?rest_route=%2Fwp%2Fv2%2Fcomments&post=35667"}],"version-history":[{"count":1,"href":"https:\/\/zonaroja.com.mx\/index.php?rest_route=\/wp\/v2\/posts\/35667\/revisions"}],"predecessor-version":[{"id":35669,"href":"https:\/\/zonaroja.com.mx\/index.php?rest_route=\/wp\/v2\/posts\/35667\/revisions\/35669"}],"wp:featuredmedia":[{"embeddable":true,"href":"https:\/\/zonaroja.com.mx\/index.php?rest_route=\/wp\/v2\/media\/35668"}],"wp:attachment":[{"href":"https:\/\/zonaroja.com.mx\/index.php?rest_route=%2Fwp%2Fv2%2Fmedia&parent=35667"}],"wp:term":[{"taxonomy":"category","embeddable":true,"href":"https:\/\/zonaroja.com.mx\/index.php?rest_route=%2Fwp%2Fv2%2Fcategories&post=35667"},{"taxonomy":"post_tag","embeddable":true,"href":"https:\/\/zonaroja.com.mx\/index.php?rest_route=%2Fwp%2Fv2%2Ftags&post=35667"}],"curies":[{"name":"wp","href":"https:\/\/api.w.org\/{rel}","templated":true}]}}