{"id":35673,"date":"2021-12-22T22:35:46","date_gmt":"2021-12-23T04:35:46","guid":{"rendered":"http:\/\/www.zonaroja.com.mx\/?p=35673"},"modified":"2021-12-22T22:35:50","modified_gmt":"2021-12-23T04:35:50","slug":"suman-cuatro-asesinados-en-juchitan-en-menos-de-48-horas-hoy-dos","status":"publish","type":"post","link":"https:\/\/zonaroja.com.mx\/?p=35673","title":{"rendered":"Suman cuatro asesinados en Juchit\u00e1n en menos de 48 horas; hoy dos"},"content":{"rendered":"\n<p>Redacci\u00f3n\/Zona Roja.<\/p>\n\n\n\n<p>Oaxaca de Ju\u00e1rez, Oax., 22 de diciembre de 2021.- Una persona del sexo masculino fue asesinada esta noche con disparos de arma de fuego, en Juchit\u00e1n de Zaragoza, Oaxaca.<\/p>\n\n\n\n<p>Con \u00e9ste, suman cuatro cr\u00edmenes perpetrados en menos de 48 horas en ese municipio de la regi\u00f3n del Istmo, de los cuales dos son de mujeres.<\/p>\n\n\n\n<p>Fue en la calle Ferrocarril esquina con Callej\u00f3n Changuitos, de la S\u00e9ptima Secci\u00f3n, en que fue ultimado esta noche un individuo; uno m\u00e1s result\u00f3 lesionado.<\/p>\n\n\n\n<p>El hoy occiso recibi\u00f3 al menos dos impactos de bala en la cabeza; de manera preliminar fue identificado como Julio C\u00e9sar L\u00f3pez Pineda, de aproximadamente 32 a\u00f1os de edad.<\/p>\n\n\n\n<p>Por la ma\u00f1ana fue asesinada a balazos una mujer, tras ser asaltada en su domicilio, mientras que ayer por la madrugada fueron ejecutados una femenina y un var\u00f3n. En ninguno de los casos hay personas detenidas.<\/p>\n","protected":false},"excerpt":{"rendered":"<p>Redacci\u00f3n\/Zona Roja. Oaxaca de Ju\u00e1rez, Oax., 22 de diciembre de 2021.- Una persona del sexo&hellip;<\/p>\n","protected":false},"author":2,"featured_media":7486,"comment_status":"closed","ping_status":"open","sticky":false,"template":"","format":"standard","meta":{"_lmt_disableupdate":"","_lmt_disable":"","_jetpack_memberships_contains_paid_content":false,"footnotes":""},"categories":[109,47],"tags":[123],"class_list":["post-35673","post","type-post","status-publish","format-standard","has-post-thumbnail","hentry","category-minuto-a-minuto","category-zona-gris","tag-juchitan-de-zaragoza"],"jetpack_featured_media_url":"https:\/\/zonaroja.com.mx\/wp-content\/uploads\/2020\/01\/Escena-del-crimen7.jpg","jetpack_sharing_enabled":true,"_links":{"self":[{"href":"https:\/\/zonaroja.com.mx\/index.php?rest_route=\/wp\/v2\/posts\/35673","targetHints":{"allow":["GET"]}}],"collection":[{"href":"https:\/\/zonaroja.com.mx\/index.php?rest_route=\/wp\/v2\/posts"}],"about":[{"href":"https:\/\/zonaroja.com.mx\/index.php?rest_route=\/wp\/v2\/types\/post"}],"author":[{"embeddable":true,"href":"https:\/\/zonaroja.com.mx\/index.php?rest_route=\/wp\/v2\/users\/2"}],"replies":[{"embeddable":true,"href":"https:\/\/zonaroja.com.mx\/index.php?rest_route=%2Fwp%2Fv2%2Fcomments&post=35673"}],"version-history":[{"count":1,"href":"https:\/\/zonaroja.com.mx\/index.php?rest_route=\/wp\/v2\/posts\/35673\/revisions"}],"predecessor-version":[{"id":35674,"href":"https:\/\/zonaroja.com.mx\/index.php?rest_route=\/wp\/v2\/posts\/35673\/revisions\/35674"}],"wp:featuredmedia":[{"embeddable":true,"href":"https:\/\/zonaroja.com.mx\/index.php?rest_route=\/wp\/v2\/media\/7486"}],"wp:attachment":[{"href":"https:\/\/zonaroja.com.mx\/index.php?rest_route=%2Fwp%2Fv2%2Fmedia&parent=35673"}],"wp:term":[{"taxonomy":"category","embeddable":true,"href":"https:\/\/zonaroja.com.mx\/index.php?rest_route=%2Fwp%2Fv2%2Fcategories&post=35673"},{"taxonomy":"post_tag","embeddable":true,"href":"https:\/\/zonaroja.com.mx\/index.php?rest_route=%2Fwp%2Fv2%2Ftags&post=35673"}],"curies":[{"name":"wp","href":"https:\/\/api.w.org\/{rel}","templated":true}]}}