{"id":35675,"date":"2021-12-23T07:40:33","date_gmt":"2021-12-23T13:40:33","guid":{"rendered":"http:\/\/www.zonaroja.com.mx\/?p=35675"},"modified":"2021-12-23T07:40:37","modified_gmt":"2021-12-23T13:40:37","slug":"decide-morena-que-salomon-jara-sea-virtual-candidato-a-gobernador-de-oaxaca","status":"publish","type":"post","link":"https:\/\/zonaroja.com.mx\/?p=35675","title":{"rendered":"Decide Morena que Salom\u00f3n Jara sea virtual candidato a gobernador de Oaxaca"},"content":{"rendered":"\n<p>Redacci\u00f3n\/Zona Roja.<\/p>\n\n\n\n<p>Oaxaca de Ju\u00e1rez, Oax., 23 de diciembre de 2021.- Tras varias horas de debate y entrampado en el principio de paridad, el Partido Morena determin\u00f3 que Salom\u00f3n Jara encabece en Oaxaca a los Comit\u00e9s de Base de la Cuarta Transformaci\u00f3n, lo que virtualmente lo considera como candidato a gobernador de Oaxaca.<\/p>\n\n\n\n<p>La determinaci\u00f3n la anunci\u00f3 la madrugada de este jueves el dirigente del instituto pol\u00edtico, Mario Delgado Carrillo:<\/p>\n\n\n\n<p>\u201cEn el caso de Oaxaca, ten\u00edamos a Salom\u00f3n Jara como el mejor posicionado; al ser el estado el que mayor intenci\u00f3n de votos tiene, entonces se respeta el g\u00e9nero, por lo tanto ser\u00e1 hombre aplicando el criterio de paridad y el senador Salom\u00f3n Jara encabezar\u00e1 los esfuerzos de nuestro movimiento en Oaxaca\u201d, dijo.<\/p>\n\n\n\n<p>El senador con licencia punte\u00f3 en la mayor\u00eda de las encuestas aplicadas, una por el Partido Morena a nivel nacional, y otra por tres empresas privadas; le sigui\u00f3 Benjam\u00edn Robles, del Partido del Trabajo, y Susana Harp Iturribarr\u00eda, quien tras los resultados expres\u00f3 su inconformidad.<\/p>\n\n\n\n<p>Salom\u00f3n Jara es ingeniero qu\u00edmico industrial por el Instituto Polit\u00e9cnico Nacional; fue fundador del PRD y de Morena en Oaxaca.<\/p>\n\n\n\n<p>En 2016 fue candidato a Gobernador del Estado, contienda en la que fue vencido por el actual mandatario, Alejandro Murat. Antes fue diputado federal (1991-1993) y diputado local (2004-2006).<\/p>\n\n\n\n<figure class=\"wp-block-embed is-type-rich is-provider-twitter wp-block-embed-twitter\"><div class=\"wp-block-embed__wrapper\">\n<div class=\"twitter-tweet\"><blockquote class=\"twitter-tweet\" data-lang=\"es\"><p lang=\"es\" dir=\"ltr\"><a href=\"https:\/\/twitter.com\/hashtag\/%C3%9AltimoMinuto?src=hash&amp;ref_src=twsrc%5Etfw\">#\u00daltimoMinuto<\/a><br>2.- Estos son los seis nombres que impulsar\u00e1 el Partido Morena para igual n\u00famero de gubernaturas, en Aguascalientes Nora Ruvalcaba; Durango, Mariana Vitela; Hidalgo, Julio Menchaca; Oaxaca, Salom\u00f3n Jara; Quintana Roo, Mara Lezama y Tamaulipas, Am\u00e9rico Villarreal. <a href=\"https:\/\/t.co\/Nf8Nl6GzVk\">pic.twitter.com\/Nf8Nl6GzVk<\/a><\/p>&mdash; Zona Roja Oaxaca (@Zona_Roja_Oax) <a href=\"https:\/\/twitter.com\/Zona_Roja_Oax\/status\/1473992112303714312?ref_src=twsrc%5Etfw\">23 de diciembre de 2021<\/a><\/blockquote><\/div>\n<\/div><\/figure>\n\n\n\n<p>Dos veces senador, la primera entre 2006 y 2010, para despu\u00e9s desempe\u00f1arse como Secretario de Desarrollo Agropecuario estatal, entre 2010 y 2013, en la administraci\u00f3n de Gabino Cu\u00e9 Monteagudo.<\/p>\n\n\n\n<p>EXIGE PARIDAD<\/p>\n\n\n\n<p>Por su parte, a trav\u00e9s de las redes sociales, la senadora Susana Harp exigi\u00f3 a la dirigencia nacional de Morena respetar el esp\u00edritu de la paridad de g\u00e9nero y ser considerada candidata a la gubernatura de Oaxaca.<\/p>\n\n\n\n<p>\u00abLa paridad de g\u00e9nero debe impulsar a las mujeres que somos m\u00e1s competitivas y contamos con el mayor nivel de conocimiento y aceptaci\u00f3n en nuestros estados. No podemos permitir una vez m\u00e1s que las acciones afirmativas hacia las mujeres sean para las contiendas m\u00e1s desfavorables.<\/p>\n\n\n\n<p>\u00abDebemos ser candidatas las mujeres que tenemos las puntuaciones m\u00e1s altas para ganar las Gubernaturas en 2022 para hacer realidad la transformaci\u00f3n y el empoderamiento de las mujeres. En mi caso, soy la segunda mujer mejor evaluada de las 6 entidades y las y los oaxaque\u00f1os prefieren en un 52.55 por ciento que la candidatura sea de una mujer\u00bb, indic\u00f3 la senadora.<\/p>\n","protected":false},"excerpt":{"rendered":"<p>Redacci\u00f3n\/Zona Roja. Oaxaca de Ju\u00e1rez, Oax., 23 de diciembre de 2021.- Tras varias horas de&hellip;<\/p>\n","protected":false},"author":2,"featured_media":35676,"comment_status":"closed","ping_status":"open","sticky":false,"template":"","format":"standard","meta":{"_lmt_disableupdate":"","_lmt_disable":"","_jetpack_memberships_contains_paid_content":false,"footnotes":""},"categories":[109,46],"tags":[939],"class_list":["post-35675","post","type-post","status-publish","format-standard","has-post-thumbnail","hentry","category-minuto-a-minuto","category-zona-blanca","tag-salomon-jara-cruz"],"jetpack_featured_media_url":"https:\/\/zonaroja.com.mx\/wp-content\/uploads\/2021\/12\/Salomon-Jara-y-Mario-Delgado.jpg","jetpack_sharing_enabled":true,"_links":{"self":[{"href":"https:\/\/zonaroja.com.mx\/index.php?rest_route=\/wp\/v2\/posts\/35675","targetHints":{"allow":["GET"]}}],"collection":[{"href":"https:\/\/zonaroja.com.mx\/index.php?rest_route=\/wp\/v2\/posts"}],"about":[{"href":"https:\/\/zonaroja.com.mx\/index.php?rest_route=\/wp\/v2\/types\/post"}],"author":[{"embeddable":true,"href":"https:\/\/zonaroja.com.mx\/index.php?rest_route=\/wp\/v2\/users\/2"}],"replies":[{"embeddable":true,"href":"https:\/\/zonaroja.com.mx\/index.php?rest_route=%2Fwp%2Fv2%2Fcomments&post=35675"}],"version-history":[{"count":1,"href":"https:\/\/zonaroja.com.mx\/index.php?rest_route=\/wp\/v2\/posts\/35675\/revisions"}],"predecessor-version":[{"id":35677,"href":"https:\/\/zonaroja.com.mx\/index.php?rest_route=\/wp\/v2\/posts\/35675\/revisions\/35677"}],"wp:featuredmedia":[{"embeddable":true,"href":"https:\/\/zonaroja.com.mx\/index.php?rest_route=\/wp\/v2\/media\/35676"}],"wp:attachment":[{"href":"https:\/\/zonaroja.com.mx\/index.php?rest_route=%2Fwp%2Fv2%2Fmedia&parent=35675"}],"wp:term":[{"taxonomy":"category","embeddable":true,"href":"https:\/\/zonaroja.com.mx\/index.php?rest_route=%2Fwp%2Fv2%2Fcategories&post=35675"},{"taxonomy":"post_tag","embeddable":true,"href":"https:\/\/zonaroja.com.mx\/index.php?rest_route=%2Fwp%2Fv2%2Ftags&post=35675"}],"curies":[{"name":"wp","href":"https:\/\/api.w.org\/{rel}","templated":true}]}}