{"id":35692,"date":"2021-12-23T09:05:30","date_gmt":"2021-12-23T15:05:30","guid":{"rendered":"http:\/\/www.zonaroja.com.mx\/?p=35692"},"modified":"2021-12-23T09:05:35","modified_gmt":"2021-12-23T15:05:35","slug":"suman-tres-mujeres-asesinadas-a-balazos-en-oaxaca-en-24-horas","status":"publish","type":"post","link":"https:\/\/zonaroja.com.mx\/?p=35692","title":{"rendered":"Suman tres mujeres asesinadas a balazos en Oaxaca, en 24 horas"},"content":{"rendered":"\n<p>Redacci\u00f3n\/Zona Roja.<\/p>\n\n\n\n<p>Oaxaca de Ju\u00e1rez, Oax., 23 de diciembre de 2021.- En 24 horas, suman tres mujeres asesinadas con violencia en Oaxaca, todas ellas por disparos de arma de fuego.<\/p>\n\n\n\n<p>En San Pedro Soniyuvi, localidad del municipio de Putla Villa de Guerrero, una mujer de aproximadamente 79 a\u00f1os de edad fue ultimada a balazos en su domicilio.<\/p>\n\n\n\n<p>Fue el martes 21 de diciembre por la tarde en que localizaron el cuerpo de la se\u00f1ora Florencia E. G. La v\u00edctima fue vista por \u00faltima vez cuando acudi\u00f3 a la iglesia el domingo anterior y despu\u00e9s no se supo m\u00e1s de ella; viv\u00eda sola en su hogar.<\/p>\n\n\n\n<p>Dos casos m\u00e1s de probables feminicidios ocurrieron en Juchit\u00e1n de Zaragoza, municipio de la regi\u00f3n del Istmo de Tehuantepec.<\/p>\n\n\n\n<p>Ayer mi\u00e9rcoles por la ma\u00f1ana, en un domicilio en la calle Guadalupe Victoria de la Segunda Secci\u00f3n fue asesinada a balazos la se\u00f1ora \u00c1ngela S.P., de 50 a\u00f1os de edad, presuntamente derivado de un asalto; recibi\u00f3 varios balazos, dos de ellos en el t\u00f3rax.<\/p>\n\n\n\n<p>El martes 21 de diciembre, sujetos desconocidos ejecutaron a una pareja, en la calle Constituci\u00f3n de la Sexta Secci\u00f3n de Juchit\u00e1n.<\/p>\n\n\n\n<p>Fue durante la madrugada en que fueron ultimados Francisco H., de 34 a\u00f1os de edad, y Luisa del Carmen, de 24 a\u00f1os de edad.<\/p>\n\n\n\n<p>En todos los casos no hay personas detenidas y la Fiscal\u00eda General del Estado de Oaxaca inici\u00f3 las indagatorias bajo los protocolos de feminicidio.<\/p>\n","protected":false},"excerpt":{"rendered":"<p>Redacci\u00f3n\/Zona Roja. Oaxaca de Ju\u00e1rez, Oax., 23 de diciembre de 2021.- En 24 horas, suman&hellip;<\/p>\n","protected":false},"author":2,"featured_media":34297,"comment_status":"closed","ping_status":"open","sticky":false,"template":"","format":"standard","meta":{"_lmt_disableupdate":"","_lmt_disable":"","_jetpack_memberships_contains_paid_content":false,"footnotes":""},"categories":[109,51],"tags":[610],"class_list":["post-35692","post","type-post","status-publish","format-standard","has-post-thumbnail","hentry","category-minuto-a-minuto","category-zona-roja","tag-feminicidios-oaxaca"],"jetpack_featured_media_url":"https:\/\/zonaroja.com.mx\/wp-content\/uploads\/2021\/11\/Mujer-feminicidio-vilencia-asesinada.jpg","jetpack_sharing_enabled":true,"_links":{"self":[{"href":"https:\/\/zonaroja.com.mx\/index.php?rest_route=\/wp\/v2\/posts\/35692","targetHints":{"allow":["GET"]}}],"collection":[{"href":"https:\/\/zonaroja.com.mx\/index.php?rest_route=\/wp\/v2\/posts"}],"about":[{"href":"https:\/\/zonaroja.com.mx\/index.php?rest_route=\/wp\/v2\/types\/post"}],"author":[{"embeddable":true,"href":"https:\/\/zonaroja.com.mx\/index.php?rest_route=\/wp\/v2\/users\/2"}],"replies":[{"embeddable":true,"href":"https:\/\/zonaroja.com.mx\/index.php?rest_route=%2Fwp%2Fv2%2Fcomments&post=35692"}],"version-history":[{"count":1,"href":"https:\/\/zonaroja.com.mx\/index.php?rest_route=\/wp\/v2\/posts\/35692\/revisions"}],"predecessor-version":[{"id":35693,"href":"https:\/\/zonaroja.com.mx\/index.php?rest_route=\/wp\/v2\/posts\/35692\/revisions\/35693"}],"wp:featuredmedia":[{"embeddable":true,"href":"https:\/\/zonaroja.com.mx\/index.php?rest_route=\/wp\/v2\/media\/34297"}],"wp:attachment":[{"href":"https:\/\/zonaroja.com.mx\/index.php?rest_route=%2Fwp%2Fv2%2Fmedia&parent=35692"}],"wp:term":[{"taxonomy":"category","embeddable":true,"href":"https:\/\/zonaroja.com.mx\/index.php?rest_route=%2Fwp%2Fv2%2Fcategories&post=35692"},{"taxonomy":"post_tag","embeddable":true,"href":"https:\/\/zonaroja.com.mx\/index.php?rest_route=%2Fwp%2Fv2%2Ftags&post=35692"}],"curies":[{"name":"wp","href":"https:\/\/api.w.org\/{rel}","templated":true}]}}