{"id":35697,"date":"2021-12-23T13:49:15","date_gmt":"2021-12-23T19:49:15","guid":{"rendered":"https:\/\/www.zonaroja.com.mx\/?p=35697"},"modified":"2021-12-23T13:49:26","modified_gmt":"2021-12-23T19:49:26","slug":"deuda-de-200-mdp-de-edil-capitalino-con-sindicalizados-la-pagara-gobierno","status":"publish","type":"post","link":"https:\/\/zonaroja.com.mx\/?p=35697","title":{"rendered":"Deuda de 200 mdp de edil capitalino con sindicalizados, la pagar\u00e1 gobierno"},"content":{"rendered":"\n<p>Yuridiana Sosa\/Zona Roja.<\/p>\n\n\n\n<p>Oaxaca de Ju\u00e1rez, Oax., 23 de diciembre de 2021.- El gobernador de Oaxaca, Alejandro Murat Hinojosa, anunci\u00f3 que el Gobierno del Estado, en colaboraci\u00f3n con la Federaci\u00f3n, pagar\u00e1 la deuda de 200 millones de pesos que el edil de Oaxaca de Ju\u00e1rez mantiene con los trabajadores.<\/p>\n\n\n\n<p>Luego de tres d\u00edas consecutivos de bloqueos en la capital por parte de los afectados, el mandatario asever\u00f3 que el ayuntamiento capitalino que encabeza Oswaldo Garc\u00eda Jarqu\u00edn, de Morena, no cuenta con la disposici\u00f3n financiera para cubrir el adeudo en aguinaldos y salarios.<\/p>\n\n\n\n<p>Por lo que luego de un an\u00e1lisis y gestiones, el Gobierno del Estado logr\u00f3 la disposici\u00f3n de recursos para realizar los pagos a los trabajadores, pero ser\u00e1 a partir del viernes 24 de diciembre cuando se empiece la dispersi\u00f3n del dinero.<\/p>\n\n\n\n<p>\u201cEl d\u00eda de hoy este municipio no tiene los recursos para responder\u201d, enfatiz\u00f3 el mandatario, quien puntualiz\u00f3 que los gobiernos municipales son aut\u00f3nomos en el ejercicio de sus recursos, pero con el prop\u00f3sito de dar soluci\u00f3n a este grave problema para los trabajadores y que afecta a la poblaci\u00f3n, asumen esta responsabilidad.<\/p>\n\n\n\n<p>\u201cEl Gobierno del Estado se enter\u00f3 de esta informaci\u00f3n (deuda) hace 72 horas y en el mejor \u00e1nimo de coadyuvar, hemos estado ocupados y ocupadas para poder lograr tener los recursos\u201d, dijo en un video acompa\u00f1ado de funcionarios estatales.<\/p>\n\n\n\n<p>Murat Hinojosa aprovech\u00f3 la coyuntura de este problema gestado por un gobierno municipal emanado de Morena para enviar un mensaje con fines pol\u00edticos a la poblaci\u00f3n.<\/p>\n\n\n\n<p>\u201cQuiero invitarlas e invitarlos a que esto sea una oportunidad para que eval\u00faen qu\u00e9 tipo de autoridades quieren, las que dan la cara o los que se esconden\u201d, resalt\u00f3 el gobernador, pues desde hace varios meses el edil capitalino no atiende a los trabajadores ni a la ciudadan\u00eda. <\/p>\n","protected":false},"excerpt":{"rendered":"<p>Yuridiana Sosa\/Zona Roja. Oaxaca de Ju\u00e1rez, Oax., 23 de diciembre de 2021.- El gobernador de&hellip;<\/p>\n","protected":false},"author":2,"featured_media":35696,"comment_status":"closed","ping_status":"open","sticky":false,"template":"","format":"standard","meta":{"_lmt_disableupdate":"","_lmt_disable":"","_jetpack_memberships_contains_paid_content":false,"footnotes":""},"categories":[109,47],"tags":[],"class_list":["post-35697","post","type-post","status-publish","format-standard","has-post-thumbnail","hentry","category-minuto-a-minuto","category-zona-gris"],"jetpack_featured_media_url":"https:\/\/zonaroja.com.mx\/wp-content\/uploads\/2021\/12\/3ec278f8-1bfa-4a92-9b13-73aa4a2b1fba.jpg","jetpack_sharing_enabled":true,"_links":{"self":[{"href":"https:\/\/zonaroja.com.mx\/index.php?rest_route=\/wp\/v2\/posts\/35697","targetHints":{"allow":["GET"]}}],"collection":[{"href":"https:\/\/zonaroja.com.mx\/index.php?rest_route=\/wp\/v2\/posts"}],"about":[{"href":"https:\/\/zonaroja.com.mx\/index.php?rest_route=\/wp\/v2\/types\/post"}],"author":[{"embeddable":true,"href":"https:\/\/zonaroja.com.mx\/index.php?rest_route=\/wp\/v2\/users\/2"}],"replies":[{"embeddable":true,"href":"https:\/\/zonaroja.com.mx\/index.php?rest_route=%2Fwp%2Fv2%2Fcomments&post=35697"}],"version-history":[{"count":1,"href":"https:\/\/zonaroja.com.mx\/index.php?rest_route=\/wp\/v2\/posts\/35697\/revisions"}],"predecessor-version":[{"id":35698,"href":"https:\/\/zonaroja.com.mx\/index.php?rest_route=\/wp\/v2\/posts\/35697\/revisions\/35698"}],"wp:featuredmedia":[{"embeddable":true,"href":"https:\/\/zonaroja.com.mx\/index.php?rest_route=\/wp\/v2\/media\/35696"}],"wp:attachment":[{"href":"https:\/\/zonaroja.com.mx\/index.php?rest_route=%2Fwp%2Fv2%2Fmedia&parent=35697"}],"wp:term":[{"taxonomy":"category","embeddable":true,"href":"https:\/\/zonaroja.com.mx\/index.php?rest_route=%2Fwp%2Fv2%2Fcategories&post=35697"},{"taxonomy":"post_tag","embeddable":true,"href":"https:\/\/zonaroja.com.mx\/index.php?rest_route=%2Fwp%2Fv2%2Ftags&post=35697"}],"curies":[{"name":"wp","href":"https:\/\/api.w.org\/{rel}","templated":true}]}}