{"id":35705,"date":"2021-12-23T22:00:26","date_gmt":"2021-12-24T04:00:26","guid":{"rendered":"http:\/\/www.zonaroja.com.mx\/?p=35705"},"modified":"2021-12-23T22:00:31","modified_gmt":"2021-12-24T04:00:31","slug":"hortelanos-montan-exposiciones-alternas-ante-cancelacion-de-noche-de-rabanos","status":"publish","type":"post","link":"https:\/\/zonaroja.com.mx\/?p=35705","title":{"rendered":"Hortelanos montan exposiciones alternas ante cancelaci\u00f3n de Noche de r\u00e1banos"},"content":{"rendered":"\n<p>Yuridiana Sosa\/Zona Roja.<\/p>\n\n\n\n<p>Oaxaca de Ju\u00e1rez, Oax., 23 de diciembre de 2021.- No hubo Noche de R\u00e1banos oficial, debido a bloqueos de calles y protestas, pero la tradicional actividad no dej\u00f3 de celebrarse en Oaxaca, hasta en la basura, literalmente.<\/p>\n\n\n\n<p>Plazas p\u00fablicas, restaurantes y un reclusorio se convirtieron en centros de exhibici\u00f3n de las figuras de r\u00e1banos y totomoxtle por parte de artesanos, ante la cancelaci\u00f3n de la festividad, que se realiza cada 23 de diciembre.<\/p>\n\n\n\n<p>El anuncio sobre la no realizaci\u00f3n de esta festividad se realiz\u00f3 este mi\u00e9rcoles, cuando la mayor\u00eda de los participantes ya contaban con sus exhibiciones listas, luego de casi cuatro d\u00edas de trabajo constante para esta ocasi\u00f3n.<\/p>\n\n\n\n<p>Los bloqueos que sitiaron la ciudad capital como parte de una protesta y la amenaza de no dejar realizar esta celebraci\u00f3n fueron motivo para la cancelaci\u00f3n al no existir condiciones, aunque el gobierno del estado anunci\u00f3 que se debi\u00f3 a la pandemia y alza de casos por la variante de \u201c\u00d3micron\u201d en M\u00e9xico.<\/p>\n\n\n\n<p>Restaurantes y cafeter\u00edas en la capital dieron cobijo a los artesanos que deseaban mostrar su trabajo. Como fue el caso de la obra \u201cConvite, calenda y fuegos artificiales\u201d creada por una familia que desde hace 12 a\u00f1os participa en la tradicional noche y exhibida en un restaurante de la segunda calle de Murgu\u00eda.<\/p>\n\n\n\n<figure class=\"wp-block-embed is-type-rich is-provider-twitter wp-block-embed-twitter\"><div class=\"wp-block-embed__wrapper\">\n<div class=\"twitter-tweet\"><blockquote class=\"twitter-tweet\" data-lang=\"es\"><p lang=\"es\" dir=\"ltr\">Un grupo de reclusos del Centro de Reinserci\u00f3n Social de la Villa de <a href=\"https:\/\/twitter.com\/hashtag\/Etla?src=hash&amp;ref_src=twsrc%5Etfw\">#Etla<\/a>, <a href=\"https:\/\/twitter.com\/hashtag\/Oaxaca?src=hash&amp;ref_src=twsrc%5Etfw\">#Oaxaca<\/a>, efectu\u00f3 su propia actividad de Noche de R\u00e1banos, al elaborar piezas art\u00edsticas y exponerlas al p\u00fablico, con el apoyo de la <a href=\"https:\/\/twitter.com\/SSP_GobOax?ref_src=twsrc%5Etfw\">@SSP_GobOax<\/a> a trav\u00e9s de la <a href=\"https:\/\/twitter.com\/SprsGobOax?ref_src=twsrc%5Etfw\">@SprsGobOax<\/a>. <a href=\"https:\/\/t.co\/PWB31193pZ\">pic.twitter.com\/PWB31193pZ<\/a><\/p>&mdash; Zona Roja Oaxaca (@Zona_Roja_Oax) <a href=\"https:\/\/twitter.com\/Zona_Roja_Oax\/status\/1474226335597969412?ref_src=twsrc%5Etfw\">24 de diciembre de 2021<\/a><\/blockquote><\/div>\n<\/div><\/figure>\n\n\n\n<p>En otros municipios conurbados a la capital, la ciudadan\u00eda tambi\u00e9n tom\u00f3 la iniciativa de realizar sus propias Noches de R\u00e1banos, como en Ocotl\u00e1n de Morelos, donde en la explanada municipal una docena de artesanos hortaleros y de hoja de totomoxtle mostraron a la poblaci\u00f3n sus creaciones.<\/p>\n\n\n\n<p>Mientras que desde el Centro de Readaptaci\u00f3n Social de la Villa de Etla, los hombres privados de su libertad tambi\u00e9n exhibieron sus trabajos.<\/p>\n\n\n\n<p>Otros artesanos m\u00e1s decidieron manifestar su inconformidad por medio de una singular protesta. Integrantes del Colectivo Navegante Libertaria depositaron parte de su obra en la basura que se encontraba en la calle, ante la falta del servicio de recolecci\u00f3n.<\/p>\n\n\n\n<p>\u201cNoche de r\u00e1banos 2021, protesta por cancelaci\u00f3n. Colectivo Navegante Libertaria\u201d, escribieron en un plato desechable que colocaron sobre los residuos de su exposici\u00f3n de r\u00e1banos.<\/p>\n\n\n\n<p>&nbsp;Muchas obras m\u00e1s, de las delicadas y laboriosas representaciones, se quedaron en los talleres, en casas.<\/p>\n\n\n\n<p>Esta es la segunda ocasi\u00f3n de forma consecutiva que esta tradicional celebraci\u00f3n se suspende con motivo de la pandemia de Covid-19.<\/p>\n\n\n\n<p>La Noche de R\u00e1banos es una de los atractivos tur\u00edsticos m\u00e1s importantes para la capital del estado en temporada decembrina. Su celebraci\u00f3n atrae a\u00f1o con a\u00f1o a miles de visitantes nacionales y extranjeros.<\/p>\n","protected":false},"excerpt":{"rendered":"<p>Yuridiana Sosa\/Zona Roja. Oaxaca de Ju\u00e1rez, Oax., 23 de diciembre de 2021.- No hubo Noche&hellip;<\/p>\n","protected":false},"author":2,"featured_media":35706,"comment_status":"closed","ping_status":"open","sticky":false,"template":"","format":"standard","meta":{"_lmt_disableupdate":"","_lmt_disable":"","_jetpack_memberships_contains_paid_content":false,"footnotes":""},"categories":[109,47],"tags":[2977],"class_list":["post-35705","post","type-post","status-publish","format-standard","has-post-thumbnail","hentry","category-minuto-a-minuto","category-zona-gris","tag-noche-de-rabanos-oaxaca"],"jetpack_featured_media_url":"https:\/\/zonaroja.com.mx\/wp-content\/uploads\/2021\/12\/Noche-de-Rabanos-en-la-calle.jpg","jetpack_sharing_enabled":true,"_links":{"self":[{"href":"https:\/\/zonaroja.com.mx\/index.php?rest_route=\/wp\/v2\/posts\/35705","targetHints":{"allow":["GET"]}}],"collection":[{"href":"https:\/\/zonaroja.com.mx\/index.php?rest_route=\/wp\/v2\/posts"}],"about":[{"href":"https:\/\/zonaroja.com.mx\/index.php?rest_route=\/wp\/v2\/types\/post"}],"author":[{"embeddable":true,"href":"https:\/\/zonaroja.com.mx\/index.php?rest_route=\/wp\/v2\/users\/2"}],"replies":[{"embeddable":true,"href":"https:\/\/zonaroja.com.mx\/index.php?rest_route=%2Fwp%2Fv2%2Fcomments&post=35705"}],"version-history":[{"count":1,"href":"https:\/\/zonaroja.com.mx\/index.php?rest_route=\/wp\/v2\/posts\/35705\/revisions"}],"predecessor-version":[{"id":35707,"href":"https:\/\/zonaroja.com.mx\/index.php?rest_route=\/wp\/v2\/posts\/35705\/revisions\/35707"}],"wp:featuredmedia":[{"embeddable":true,"href":"https:\/\/zonaroja.com.mx\/index.php?rest_route=\/wp\/v2\/media\/35706"}],"wp:attachment":[{"href":"https:\/\/zonaroja.com.mx\/index.php?rest_route=%2Fwp%2Fv2%2Fmedia&parent=35705"}],"wp:term":[{"taxonomy":"category","embeddable":true,"href":"https:\/\/zonaroja.com.mx\/index.php?rest_route=%2Fwp%2Fv2%2Fcategories&post=35705"},{"taxonomy":"post_tag","embeddable":true,"href":"https:\/\/zonaroja.com.mx\/index.php?rest_route=%2Fwp%2Fv2%2Ftags&post=35705"}],"curies":[{"name":"wp","href":"https:\/\/api.w.org\/{rel}","templated":true}]}}