{"id":3571,"date":"2019-09-01T08:07:21","date_gmt":"2019-09-01T13:07:21","guid":{"rendered":"http:\/\/www.zonaroja.com.mx\/?p=3571"},"modified":"2019-09-01T08:07:23","modified_gmt":"2019-09-01T13:07:23","slug":"primer-informe-de-amlo-entre-luces-y-sombras","status":"publish","type":"post","link":"https:\/\/zonaroja.com.mx\/?p=3571","title":{"rendered":"Primer informe de AMLO, entre luces y sombras"},"content":{"rendered":"\n<p>Redacci\u00f3n\/Zona Roja Cdmx.<\/p>\n\n\n\n<p>Ciudad de M\u00e9xico, 1 de septiembre de\n2019.- Entre luces y sombras, y a nueve meses de asumir el poder, el Presidente\nde M\u00e9xico, Andr\u00e9s Manuel L\u00f3pez Obrador, rinde su primer informe ante el\nCongreso de la Uni\u00f3n.<\/p>\n\n\n\n<p>De acuerdo con un recuento elaborado\npor el peri\u00f3dico \u201cLa Jornada\u201d, el hecho se da en el marco de una ca\u00edda en las\nexpectativas de crecimiento econ\u00f3mico y el repunte de la violencia en el pa\u00eds,\nque ha dejado m\u00e1s de 20 mil muertos en el primer semestre del a\u00f1o. <\/p>\n\n\n\n<p>En contrapartida, ha lanzado una\nambiciosa pol\u00edtica social como el eje que le permita dinamizar la econom\u00eda\npopular y, al mismo tiempo, contribuya a combatir las causas de la violencia.<\/p>\n\n\n\n<p>A diferencia de otros sexenios, cuando\nse corr\u00eda al Congreso la cortes\u00eda de un mensaje pol\u00edtico al d\u00eda siguiente de\nhaberle entregado el Informe por escrito, esta ocasi\u00f3n el Ejecutivo invertir\u00e1\nel orden. <\/p>\n\n\n\n<p>LA LEY<\/p>\n\n\n\n<p>A las 11 de la ma\u00f1ana, ante 500\ninvitados presentar\u00e1 en Palacio Nacional el estado que guarda la naci\u00f3n y seis\nhoras despu\u00e9s la secretaria de Gobernaci\u00f3n, Olga S\u00e1nchez Cordero, entregar\u00e1 al\nCongreso de la Uni\u00f3n el documento oficial.<\/p>\n\n\n\n<p>Durante los primeros nueve meses de su\nsexenio, L\u00f3pez Obrador ha implantado una fuerte pol\u00edtica de austeridad y de\ncombate a la corrupci\u00f3n, donde destaca el robo de combustible y su pol\u00e9mica\nestrategia contra esas pr\u00e1cticas en la adquisici\u00f3n de medicinas. <\/p>\n\n\n\n<p>Y es en ese contexto que la Fiscal\u00eda\nGeneral de la Rep\u00fablica inici\u00f3 procesos penales contra Rosario Robles, ex\nsecretaria de Desarrollo Social y de Desarrollo Agrario, Territorial y Urbano,\nas\u00ed como contra Emilio Lozoya, ex director de Petr\u00f3leos Mexicanos (Pemex).<\/p>\n\n\n\n<p>En este periodo, L\u00f3pez Obrador suma\nocho renuncias en su gabinete: Carlos Urz\u00faa, como secretario de Hacienda;\nJosefa Gonz\u00e1lez Blanco, a la Secretar\u00eda de Medio Ambiente y Recursos Naturales;\nGerm\u00e1n Mart\u00ednez, como titular del IMSS; Tonatiuh Guill\u00e9n L\u00f3pez, a la direcci\u00f3n\ndel Instituto Nacional de Migraci\u00f3n.<\/p>\n\n\n\n<p>Tambi\u00e9n dimitieron Sim\u00f3n Levy, Patricia\nBugar\u00edn y \u00c9dgar San Juan como subsecretarios en Turismo, Seguridad P\u00fablica y\nCultura, respectivamente, as\u00ed como Clara Torres, a la direcci\u00f3n de Estancias\nInfantiles de la Secretar\u00eda de Bienestar.<\/p>\n\n\n\n<p>ECONOM\u00cdA<\/p>\n\n\n\n<p>Si bien L\u00f3pez Obrador ha desacreditado\nlas cifras de calificadoras, expertos y organismos especializados, las\nproyecciones de crecimiento del Banco de M\u00e9xico pasaron de un rango de entre\n2.2 y 3.2 por ciento en 2019 a 0.8 y 1.8 por ciento. Al mismo tiempo, el \u00faltimo\ninforme del crecimiento difundido por el Inegi ubic\u00f3 en cero por ciento esta\nvariable durante el primer semestre del a\u00f1o.<\/p>\n\n\n\n<p>Paralelamente, los sustanciales cambios\nque ha introducido para enfrentar la violencia en el pa\u00eds a\u00fan no dan resultado:\nel incremento de las partidas de programas sociales destinados a apoyar a los\nj\u00f3venes \u2013con 930 mil trabajando como aprendices con sueldos mensuales de 3 mil\n600 pesos y 10 millones de becas a estudiantes, que representan, estas \u00faltimas,\n60 mil millones de pesos\u2013 para desincentivar su incorporaci\u00f3n a la delincuencia\nni la creaci\u00f3n de la Guardia Nacional han revertido el consistente crecimiento\nde homicidios.<\/p>\n\n\n\n<p>Con base en cifras oficiales, en junio\nse registraron 2 mil 999 asesinatos, lo que constituy\u00f3 la cifra m\u00e1s alta en lo\nque va del a\u00f1o, y en julio, 2 mil 993.<\/p>\n\n\n\n<p>LAS \u201cMA\u00d1ANERAS\u201d<\/p>\n\n\n\n<p>En estos nueve meses, L\u00f3pez Obrador ha\ndado 192 conferencias de prensa, la mayor\u00eda en Palacio Nacional, de lunes a\nviernes \u2013convocadas a partir de la 7 de la ma\u00f1ana, con duraci\u00f3n promedio de dos\nhoras\u2013, despu\u00e9s de encabezar el gabinete de seguridad nacional. En provincia\nhan sido 10. Esos encuentros con la prensa le permiten marcar la agenda diaria.<\/p>\n\n\n\n<p>Adem\u00e1s, ha recorrido todos los\nmunicipios y comunidades m\u00e1s marginadas y alejadas de las 32 entidades del\npa\u00eds, lo que representa alrededor de 120 mil kil\u00f3metros, sobre todo para\npresentar programas de bienestar, pero tambi\u00e9n para firmar acuerdos, entre\notros. Seg\u00fan datos oficiales, en 21 ocasiones visit\u00f3 Veracruz y s\u00f3lo una vez\nBaja California Sur.<\/p>\n\n\n\n<p>En este periodo se ha encontrado en\nterritorio nacional con Pedro S\u00e1nchez, presidente de Espa\u00f1a; Nayib Bukele, de\nEl Salvador, y con Alejandro Giammattei \u2013entonces como presidente electo de\nGuatemala\u2013, lo cual convierte a L\u00f3pez Obrador en el jefe de Estado mexicano sin\nactividad internacional.<\/p>\n\n\n\n<p>En lo que va del sexenio no se ha\nreunido con el mandatario de Estados Unidos, Donald Trump, a pesar de la\nintensa agenda bilateral y las complicaciones migratorias, ni se ha encontrado\ncon el primer ministro de Canad\u00e1, Justin Trudeau, cuando tienen pendiente la\nfirma del tratado comercial entre las tres naciones.<\/p>\n\n\n\n<p>PROYECTOS POL\u00c9MICOS<\/p>\n\n\n\n<p>Siempre con la premisa de desmontar en\nsu primer a\u00f1o de gobierno los cimientos del modelo neoliberal y la corrupci\u00f3n\nque inevitablemente asocia a ese r\u00e9gimen, L\u00f3pez Obrador hoy reportar\u00e1, entre\nlos avances alcanzados, la derogaci\u00f3n de la reforma educativa; sepultar el\naeropuerto en Texcoco \u2013a pesar del alud de amparos contra la obra en la Base\nA\u00e9rea de Santa Luc\u00eda\u2013.<\/p>\n\n\n\n<p>Tambi\u00e9n, el relanzamiento de Pemex como\npalanca de desarrollo, la creaci\u00f3n de la Guardia Nacional, avances de sus\nproyectos estrat\u00e9gicos \u2013Tren Maya, la nueva refiner\u00eda en Dos Bocas, Tabasco, el\nIstmo de Tehuantepec\u2013 una ambiciosa pol\u00edtica social, cero endeudamiento p\u00fablico\ny el acuerdo alcanzado con el sector empresarial para concretar inversiones por\n623 mil millones de pesos.<\/p>\n\n\n\n<p>Aunque pol\u00e9micos, se trata de golpes de\ntim\u00f3n amparados en la legitimidad que le dan los 30 millones de votos obtenidos\nen la elecci\u00f3n presidencial que, adem\u00e1s, le permiten a su partido mantener el\ncontrol del Congreso. Un elemento que no tuvieron ninguno de sus tres \u00faltimos\nantecesores.<\/p>\n","protected":false},"excerpt":{"rendered":"<p>Redacci\u00f3n\/Zona Roja Cdmx. Ciudad de M\u00e9xico, 1 de septiembre de 2019.- Entre luces y sombras,&hellip;<\/p>\n","protected":false},"author":2,"featured_media":3572,"comment_status":"closed","ping_status":"open","sticky":false,"template":"","format":"standard","meta":{"_lmt_disableupdate":"","_lmt_disable":"","_jetpack_memberships_contains_paid_content":false,"footnotes":""},"categories":[109,46],"tags":[143,649],"class_list":["post-3571","post","type-post","status-publish","format-standard","has-post-thumbnail","hentry","category-minuto-a-minuto","category-zona-blanca","tag-andres-manuel-lopez-obrador","tag-primer-informe-de-gobierno"],"jetpack_featured_media_url":"https:\/\/zonaroja.com.mx\/wp-content\/uploads\/2019\/09\/amlo1.jpg","jetpack_sharing_enabled":true,"_links":{"self":[{"href":"https:\/\/zonaroja.com.mx\/index.php?rest_route=\/wp\/v2\/posts\/3571","targetHints":{"allow":["GET"]}}],"collection":[{"href":"https:\/\/zonaroja.com.mx\/index.php?rest_route=\/wp\/v2\/posts"}],"about":[{"href":"https:\/\/zonaroja.com.mx\/index.php?rest_route=\/wp\/v2\/types\/post"}],"author":[{"embeddable":true,"href":"https:\/\/zonaroja.com.mx\/index.php?rest_route=\/wp\/v2\/users\/2"}],"replies":[{"embeddable":true,"href":"https:\/\/zonaroja.com.mx\/index.php?rest_route=%2Fwp%2Fv2%2Fcomments&post=3571"}],"version-history":[{"count":1,"href":"https:\/\/zonaroja.com.mx\/index.php?rest_route=\/wp\/v2\/posts\/3571\/revisions"}],"predecessor-version":[{"id":3573,"href":"https:\/\/zonaroja.com.mx\/index.php?rest_route=\/wp\/v2\/posts\/3571\/revisions\/3573"}],"wp:featuredmedia":[{"embeddable":true,"href":"https:\/\/zonaroja.com.mx\/index.php?rest_route=\/wp\/v2\/media\/3572"}],"wp:attachment":[{"href":"https:\/\/zonaroja.com.mx\/index.php?rest_route=%2Fwp%2Fv2%2Fmedia&parent=3571"}],"wp:term":[{"taxonomy":"category","embeddable":true,"href":"https:\/\/zonaroja.com.mx\/index.php?rest_route=%2Fwp%2Fv2%2Fcategories&post=3571"},{"taxonomy":"post_tag","embeddable":true,"href":"https:\/\/zonaroja.com.mx\/index.php?rest_route=%2Fwp%2Fv2%2Ftags&post=3571"}],"curies":[{"name":"wp","href":"https:\/\/api.w.org\/{rel}","templated":true}]}}