{"id":35711,"date":"2021-12-24T07:55:03","date_gmt":"2021-12-24T13:55:03","guid":{"rendered":"http:\/\/www.zonaroja.com.mx\/?p=35711"},"modified":"2021-12-24T07:55:07","modified_gmt":"2021-12-24T13:55:07","slug":"choque-de-autobus-de-pasajeros-ado-y-de-turistas-deja-tres-muertos","status":"publish","type":"post","link":"https:\/\/zonaroja.com.mx\/?p=35711","title":{"rendered":"Choque de autob\u00fas de pasajeros ADO y de turistas deja tres muertos"},"content":{"rendered":"\n<p>Redacci\u00f3n\/Zona Roja.<\/p>\n\n\n\n<p>Oaxaca de Ju\u00e1rez, Oax., 24 de diciembre de 2021.- En la v\u00edspera de Navidad, al menos tres personas fallecidas y unas ocho lesionadas es el saldo de un choque de frente entre un autob\u00fas de pasajeros de la empresa ADO y una camioneta tipo Van, de turistas.<\/p>\n\n\n\n<p>El percance se registr\u00f3 la madrugada de hoy aproximadamente en el kil\u00f3metro 169 de la supercarretera Oaxaca-Cuacnopalan, en jurisdicci\u00f3n de Asunci\u00f3n Nochixtl\u00e1n.<\/p>\n\n\n\n<p>A\u00fan se desconoce qu\u00e9 unidad de motor invadi\u00f3 carril y los fallecidos viajaban en la camioneta tipo Van con placas de circulaci\u00f3n AEG-9718, del estado de Aguascalientes.<\/p>\n\n\n\n<p>Seg\u00fan los reportes preliminares, se trata de un var\u00f3n adulto, una mujer y un menor de edad; seis personas m\u00e1s fueron trasladadas a un hospital de la capital oaxaque\u00f1a.<\/p>\n\n\n\n<p>Del autob\u00fas ADO, resultaron varias personas con lesiones menores, que fueron trasladadas a nosocomios de Asunci\u00f3n Nochixtl\u00e1n; el resto de pasajeros transbord\u00f3 a otra unidad de motor.<\/p>\n\n\n\n<figure class=\"wp-block-embed is-type-rich is-provider-twitter wp-block-embed-twitter\"><div class=\"wp-block-embed__wrapper\">\n<div class=\"twitter-tweet\"><blockquote class=\"twitter-tweet\" data-lang=\"es\"><p lang=\"es\" dir=\"ltr\"><a href=\"https:\/\/twitter.com\/hashtag\/%C3%9AltimoMinuto?src=hash&amp;ref_src=twsrc%5Etfw\">#\u00daltimoMinuto<\/a> <br>Al menos tres personas habr\u00edan fallecido y unas ocho resultaron lesionadas, debido a la volcadura de un autob\u00fas de la empresa de <a href=\"https:\/\/twitter.com\/tuADO?ref_src=twsrc%5Etfw\">@tuADO<\/a> que volc\u00f3 en la supercarretera <a href=\"https:\/\/twitter.com\/hashtag\/Oaxaca?src=hash&amp;ref_src=twsrc%5Etfw\">#Oaxaca<\/a>-Cuacnopalan. <a href=\"https:\/\/t.co\/9qagMnRBPP\">pic.twitter.com\/9qagMnRBPP<\/a><\/p>&mdash; Zona Roja Oaxaca (@Zona_Roja_Oax) <a href=\"https:\/\/twitter.com\/Zona_Roja_Oax\/status\/1474368303799971840?ref_src=twsrc%5Etfw\">24 de diciembre de 2021<\/a><\/blockquote><\/div>\n<\/div><\/figure>\n","protected":false},"excerpt":{"rendered":"<p>Redacci\u00f3n\/Zona Roja. Oaxaca de Ju\u00e1rez, Oax., 24 de diciembre de 2021.- En la v\u00edspera de&hellip;<\/p>\n","protected":false},"author":2,"featured_media":35712,"comment_status":"closed","ping_status":"open","sticky":false,"template":"","format":"standard","meta":{"_lmt_disableupdate":"","_lmt_disable":"","_jetpack_memberships_contains_paid_content":false,"footnotes":""},"categories":[109,51],"tags":[],"class_list":["post-35711","post","type-post","status-publish","format-standard","has-post-thumbnail","hentry","category-minuto-a-minuto","category-zona-roja"],"jetpack_featured_media_url":"https:\/\/zonaroja.com.mx\/wp-content\/uploads\/2021\/12\/Accidente-ADO-supercarretera.jpg","jetpack_sharing_enabled":true,"_links":{"self":[{"href":"https:\/\/zonaroja.com.mx\/index.php?rest_route=\/wp\/v2\/posts\/35711","targetHints":{"allow":["GET"]}}],"collection":[{"href":"https:\/\/zonaroja.com.mx\/index.php?rest_route=\/wp\/v2\/posts"}],"about":[{"href":"https:\/\/zonaroja.com.mx\/index.php?rest_route=\/wp\/v2\/types\/post"}],"author":[{"embeddable":true,"href":"https:\/\/zonaroja.com.mx\/index.php?rest_route=\/wp\/v2\/users\/2"}],"replies":[{"embeddable":true,"href":"https:\/\/zonaroja.com.mx\/index.php?rest_route=%2Fwp%2Fv2%2Fcomments&post=35711"}],"version-history":[{"count":1,"href":"https:\/\/zonaroja.com.mx\/index.php?rest_route=\/wp\/v2\/posts\/35711\/revisions"}],"predecessor-version":[{"id":35713,"href":"https:\/\/zonaroja.com.mx\/index.php?rest_route=\/wp\/v2\/posts\/35711\/revisions\/35713"}],"wp:featuredmedia":[{"embeddable":true,"href":"https:\/\/zonaroja.com.mx\/index.php?rest_route=\/wp\/v2\/media\/35712"}],"wp:attachment":[{"href":"https:\/\/zonaroja.com.mx\/index.php?rest_route=%2Fwp%2Fv2%2Fmedia&parent=35711"}],"wp:term":[{"taxonomy":"category","embeddable":true,"href":"https:\/\/zonaroja.com.mx\/index.php?rest_route=%2Fwp%2Fv2%2Fcategories&post=35711"},{"taxonomy":"post_tag","embeddable":true,"href":"https:\/\/zonaroja.com.mx\/index.php?rest_route=%2Fwp%2Fv2%2Ftags&post=35711"}],"curies":[{"name":"wp","href":"https:\/\/api.w.org\/{rel}","templated":true}]}}