{"id":35720,"date":"2021-12-24T08:55:31","date_gmt":"2021-12-24T14:55:31","guid":{"rendered":"http:\/\/www.zonaroja.com.mx\/?p=35720"},"modified":"2021-12-24T08:55:34","modified_gmt":"2021-12-24T14:55:34","slug":"crecen-ciclovias-en-oaxaca-fomentar-cuidado-de-salud-y-deporte-objetivo","status":"publish","type":"post","link":"https:\/\/zonaroja.com.mx\/?p=35720","title":{"rendered":"Crecen ciclov\u00edas en Oaxaca; fomentar cuidado de salud y deporte, objetivo"},"content":{"rendered":"\n<p>Redacci\u00f3n\/Zona Roja.<\/p>\n\n\n\n<p>Oaxaca de Ju\u00e1rez, Oax. 23 de diciembre de 2021.- Con el objetivo de impulsar una movilidad urbana sustentable, la Secretar\u00eda de Movilidad (Semovi) impulsa el programa de \u201cPromoci\u00f3n y Fomento al Uso de la bicicleta\u201d.<\/p>\n\n\n\n<p>Este objetivo se encuentra enmarcado en la agenda 2030 que aprob\u00f3 la Organizaci\u00f3n de las Naciones Unidas (ONU) en 2015, en \u00e9l se destaca proporcionar acceso a sistemas de transporte seguros, accesibles y sostenibles; y con ello, reducir el uso excesivo del autom\u00f3vil que genera, da\u00f1os al medio ambiente, as\u00ed como de contaminaci\u00f3n auditiva, entre otras afectaciones.<\/p>\n\n\n\n<p>Por esta raz\u00f3n, es fundamental el desarrollo de ciclov\u00edas, ciclocarriles y dem\u00e1s infraestructura que fomenten el uso de la bicicleta como medio de transporte, d\u00e1ndole relevancia en la movilidad urbana.<\/p>\n\n\n\n<p>Es por ello que la Semovi, ha iniciado proyectos como la \u201cBicirruta\u201d, para brindar a la poblaci\u00f3n infraestructura para poder movilizarse en bicicleta; un medio de transporte sustentable que genera efectos restaurativos en las personas, adem\u00e1s de estimular la actividad f\u00edsica y una significante mejora en la salud.<\/p>\n\n\n\n<p>En este sentido, el secretario de Movilidad, Arturo L\u00f3pez Sorroza, indic\u00f3 que en el tema del uso de la bicicleta es muy importante la capacitaci\u00f3n; sobre todo para conductores del transporte p\u00fablico. \u201cDurante este a\u00f1o capacitamos a m\u00e1s de nueve mil operadores en todas sus modalidades, se impartieron temas de equidad y violencia de g\u00e9nero, normatividad, educaci\u00f3n vial, desarrollo humano y cultura ciclista, para que los respeten en la v\u00eda p\u00fablica\u201d.<\/p>\n\n\n\n<p>Asimismo, destac\u00f3 que se han realizado, rodadas y algunas actividades para fomentar el uso de la bicicleta, que se socializan a trav\u00e9s de las redes sociales oficiales de la Dependencia con los hashtag #MeMuevoEnBici, #Biciruta y #MovilidadSegura, ejes centrales de la campa\u00f1a de promoci\u00f3n y fomento para el uso de este tipo de transporte.<\/p>\n\n\n\n<p>Adem\u00e1s, dijo que este programa es interinstitucional, ya que intervienen otras dependencias como Seguridad P\u00fablica, la Secretar\u00eda del Medio Ambiente y Desarrollo Sustentable de Oaxaca (Semaedeso), la Secretar\u00eda de Salud y tambi\u00e9n organizaciones de la sociedad civil.<\/p>\n\n\n\n<figure class=\"wp-block-image size-large\"><a href=\"http:\/\/www.zonaroja.com.mx\/wp-content\/uploads\/2021\/12\/SEMOVI-3.jpg\" data-rel=\"penci-gallery-image-content\" ><img decoding=\"async\" width=\"1024\" height=\"793\" src=\"http:\/\/www.zonaroja.com.mx\/wp-content\/uploads\/2021\/12\/SEMOVI-3-1024x793.jpg\" alt=\"\" class=\"wp-image-35721\" srcset=\"https:\/\/zonaroja.com.mx\/wp-content\/uploads\/2021\/12\/SEMOVI-3-1024x793.jpg 1024w, https:\/\/zonaroja.com.mx\/wp-content\/uploads\/2021\/12\/SEMOVI-3-300x232.jpg 300w, https:\/\/zonaroja.com.mx\/wp-content\/uploads\/2021\/12\/SEMOVI-3-768x595.jpg 768w, https:\/\/zonaroja.com.mx\/wp-content\/uploads\/2021\/12\/SEMOVI-3-1170x906.jpg 1170w, https:\/\/zonaroja.com.mx\/wp-content\/uploads\/2021\/12\/SEMOVI-3-585x453.jpg 585w, https:\/\/zonaroja.com.mx\/wp-content\/uploads\/2021\/12\/SEMOVI-3.jpg 1280w\" sizes=\"(max-width: 1024px) 100vw, 1024px\" \/><\/a><\/figure>\n","protected":false},"excerpt":{"rendered":"<p>Redacci\u00f3n\/Zona Roja. Oaxaca de Ju\u00e1rez, Oax. 23 de diciembre de 2021.- Con el objetivo de&hellip;<\/p>\n","protected":false},"author":2,"featured_media":35722,"comment_status":"closed","ping_status":"open","sticky":false,"template":"","format":"standard","meta":{"_lmt_disableupdate":"","_lmt_disable":"","_jetpack_memberships_contains_paid_content":false,"footnotes":""},"categories":[109,46],"tags":[2484],"class_list":["post-35720","post","type-post","status-publish","format-standard","has-post-thumbnail","hentry","category-minuto-a-minuto","category-zona-blanca","tag-secretaria-de-movilidad-semovi"],"jetpack_featured_media_url":"https:\/\/zonaroja.com.mx\/wp-content\/uploads\/2021\/12\/Semovi-ciclovias.jpg","jetpack_sharing_enabled":true,"_links":{"self":[{"href":"https:\/\/zonaroja.com.mx\/index.php?rest_route=\/wp\/v2\/posts\/35720","targetHints":{"allow":["GET"]}}],"collection":[{"href":"https:\/\/zonaroja.com.mx\/index.php?rest_route=\/wp\/v2\/posts"}],"about":[{"href":"https:\/\/zonaroja.com.mx\/index.php?rest_route=\/wp\/v2\/types\/post"}],"author":[{"embeddable":true,"href":"https:\/\/zonaroja.com.mx\/index.php?rest_route=\/wp\/v2\/users\/2"}],"replies":[{"embeddable":true,"href":"https:\/\/zonaroja.com.mx\/index.php?rest_route=%2Fwp%2Fv2%2Fcomments&post=35720"}],"version-history":[{"count":1,"href":"https:\/\/zonaroja.com.mx\/index.php?rest_route=\/wp\/v2\/posts\/35720\/revisions"}],"predecessor-version":[{"id":35723,"href":"https:\/\/zonaroja.com.mx\/index.php?rest_route=\/wp\/v2\/posts\/35720\/revisions\/35723"}],"wp:featuredmedia":[{"embeddable":true,"href":"https:\/\/zonaroja.com.mx\/index.php?rest_route=\/wp\/v2\/media\/35722"}],"wp:attachment":[{"href":"https:\/\/zonaroja.com.mx\/index.php?rest_route=%2Fwp%2Fv2%2Fmedia&parent=35720"}],"wp:term":[{"taxonomy":"category","embeddable":true,"href":"https:\/\/zonaroja.com.mx\/index.php?rest_route=%2Fwp%2Fv2%2Fcategories&post=35720"},{"taxonomy":"post_tag","embeddable":true,"href":"https:\/\/zonaroja.com.mx\/index.php?rest_route=%2Fwp%2Fv2%2Ftags&post=35720"}],"curies":[{"name":"wp","href":"https:\/\/api.w.org\/{rel}","templated":true}]}}