{"id":35727,"date":"2021-12-24T09:21:43","date_gmt":"2021-12-24T15:21:43","guid":{"rendered":"http:\/\/www.zonaroja.com.mx\/?p=35727"},"modified":"2021-12-24T09:21:46","modified_gmt":"2021-12-24T15:21:46","slug":"reaparece-edil-de-manera-virtual-y-dice-que-el-resolvio-lios-con-sindicatos","status":"publish","type":"post","link":"https:\/\/zonaroja.com.mx\/?p=35727","title":{"rendered":"Reaparece edil, de manera virtual, y dice que \u00e9l resolvi\u00f3 l\u00edos con sindicatos"},"content":{"rendered":"\n<p>Redacci\u00f3n\/Zona Roja.<\/p>\n\n\n\n<p>Oaxaca de Ju\u00e1rez, Oax., 24 de diciembre de 2021.- El presidente municipal de Oaxaca de Ju\u00e1rez, Oswaldo Garc\u00eda Jarqu\u00edn, reapareci\u00f3, aunque de manera virtual, para desmentir al gobierno y precisar que su administraci\u00f3n resuelve la problem\u00e1tica con los trabajadores sindicalizados.<\/p>\n\n\n\n<p>\u201cEl Gobierno del Estado estar\u00e1 entregando al ayuntamiento citadino poco m\u00e1s de 14 millones de pesos por concepto de saneamiento financiero, no los 200 millones que en alg\u00fan momento han comentado\u201d, puntualiz\u00f3 el edil.<\/p>\n\n\n\n<p>De acuerdo con un comunicado de prensa emitido casi a la media noche de ayer, precis\u00f3 que para hacer frente al pago de las prestaciones se requiere de 80 millones de pesos, de los cuales un poco de m\u00e1s de 70 millones son de recursos propios.<\/p>\n\n\n\n<p>Por ello agradeci\u00f3 al Servicio de Administraci\u00f3n Tributaria (SAT) la disposici\u00f3n para agilizar la devoluci\u00f3n de poco m\u00e1s de 40 millones de pesos por el concepto de ISR, as\u00ed como la disponibilidad del Gobierno del Estado \u201cpara que se nos anticipen los recursos que por concepto de participaciones federales \u00edbamos a recibir al final de este a\u00f1o y que afortunadamente nos va a llegar el d\u00eda de ma\u00f1ana\u201d, puntualiz\u00f3.<\/p>\n\n\n\n<p>Las declaraciones se dieron en el marco de una sesi\u00f3n de Cabildo virtual, en que Garc\u00eda Jarqu\u00edn agradeci\u00f3 tambi\u00e9n a las y los integrantes de la Polic\u00eda Vial Municipal, quienes \u201cde manera muy responsable, y anteponiendo los intereses de la ciudad, decidieron no continuar con la protesta, obviamente con el compromiso nuestro de que ma\u00f1ana est\u00e1n cubiertas sus prestaciones\u201d.<\/p>\n\n\n\n<p>Adem\u00e1s, \u201cel mandatario de la ciudad capital pidi\u00f3 una disculpa a la ciudadan\u00eda, as\u00ed como a las y los hortelanos que tradicionalmente participan en la festividad, toda vez que este a\u00f1o tampoco se pudo realizar la Noche de R\u00e1banos debido a la nueva variante \u2018\u00d3microm\u2019 del virus que causa el Covid-19\u201d, refiere el bolet\u00ecn.<\/p>\n\n\n\n<p>En asuntos generales, seg\u00fan el documento, varios concejales expresaron su admiraci\u00f3n y reconocimiento al edil surgido del Partido Morena, por saber enfrentar las situaciones de conflicto.<\/p>\n\n\n\n<p>En la sesi\u00f3n se acord\u00f3 por mayor\u00eda, a propuesta del edil Oswaldo Garc\u00eda Jarqu\u00edn, que se se\u00f1alen las 10:00 horas del 1 de enero del 2022 para que se celebre la Sesi\u00f3n Solemne de Cabildo, para la instalaci\u00f3n y toma de protesta del ayuntamiento de Oaxaca de Ju\u00e1rez para el periodo 2022-2024.<\/p>\n\n\n\n<p>En tal sentido, se declar\u00f3 como Recinto Oficial el espacio p\u00fablico denominado Plaza de la Danza para llevar a cabo dicha sesi\u00f3n.<\/p>\n\n\n\n<p>\u201cAh\u00ed estaremos con la frente en alto y dese\u00e1ndole mucha suerte al pr\u00f3ximo Gobierno Municipal\u201d, dijo el primer Concejal de la ciudad capital.<\/p>\n","protected":false},"excerpt":{"rendered":"<p>Redacci\u00f3n\/Zona Roja. Oaxaca de Ju\u00e1rez, Oax., 24 de diciembre de 2021.- El presidente municipal de&hellip;<\/p>\n","protected":false},"author":2,"featured_media":35728,"comment_status":"closed","ping_status":"open","sticky":false,"template":"","format":"standard","meta":{"_lmt_disableupdate":"","_lmt_disable":"","_jetpack_memberships_contains_paid_content":false,"footnotes":""},"categories":[109,47],"tags":[115],"class_list":["post-35727","post","type-post","status-publish","format-standard","has-post-thumbnail","hentry","category-minuto-a-minuto","category-zona-gris","tag-oswaldo-garcia-jarquin"],"jetpack_featured_media_url":"https:\/\/zonaroja.com.mx\/wp-content\/uploads\/2021\/12\/Protestas-trabajadores-ciudad-de-Oaxaca.jpg","jetpack_sharing_enabled":true,"_links":{"self":[{"href":"https:\/\/zonaroja.com.mx\/index.php?rest_route=\/wp\/v2\/posts\/35727","targetHints":{"allow":["GET"]}}],"collection":[{"href":"https:\/\/zonaroja.com.mx\/index.php?rest_route=\/wp\/v2\/posts"}],"about":[{"href":"https:\/\/zonaroja.com.mx\/index.php?rest_route=\/wp\/v2\/types\/post"}],"author":[{"embeddable":true,"href":"https:\/\/zonaroja.com.mx\/index.php?rest_route=\/wp\/v2\/users\/2"}],"replies":[{"embeddable":true,"href":"https:\/\/zonaroja.com.mx\/index.php?rest_route=%2Fwp%2Fv2%2Fcomments&post=35727"}],"version-history":[{"count":1,"href":"https:\/\/zonaroja.com.mx\/index.php?rest_route=\/wp\/v2\/posts\/35727\/revisions"}],"predecessor-version":[{"id":35729,"href":"https:\/\/zonaroja.com.mx\/index.php?rest_route=\/wp\/v2\/posts\/35727\/revisions\/35729"}],"wp:featuredmedia":[{"embeddable":true,"href":"https:\/\/zonaroja.com.mx\/index.php?rest_route=\/wp\/v2\/media\/35728"}],"wp:attachment":[{"href":"https:\/\/zonaroja.com.mx\/index.php?rest_route=%2Fwp%2Fv2%2Fmedia&parent=35727"}],"wp:term":[{"taxonomy":"category","embeddable":true,"href":"https:\/\/zonaroja.com.mx\/index.php?rest_route=%2Fwp%2Fv2%2Fcategories&post=35727"},{"taxonomy":"post_tag","embeddable":true,"href":"https:\/\/zonaroja.com.mx\/index.php?rest_route=%2Fwp%2Fv2%2Ftags&post=35727"}],"curies":[{"name":"wp","href":"https:\/\/api.w.org\/{rel}","templated":true}]}}