{"id":35739,"date":"2021-12-25T07:46:43","date_gmt":"2021-12-25T13:46:43","guid":{"rendered":"http:\/\/www.zonaroja.com.mx\/?p=35739"},"modified":"2021-12-25T07:48:32","modified_gmt":"2021-12-25T13:48:32","slug":"en-oaxaca-80-personas-pasaron-navidad-hospitalizados-por-covid","status":"publish","type":"post","link":"https:\/\/zonaroja.com.mx\/?p=35739","title":{"rendered":"En Oaxaca, 80 personas pasaron Navidad hospitalizados por Covid"},"content":{"rendered":"\n<p>Redacci\u00f3n\/Zona Roja.<\/p>\n\n\n\n<p>Oaxaca de Ju\u00e1rez, Oax., 25 de diciembre de 2021.- Ayer viernes 24 de diciembre, los Servicios de Salud de Oaxaca (SSO) confirmaron 18 contagios nuevos de Covid-19, con lo que el n\u00famero de acumulados alcanz\u00f3 los 83 mil 888, asimismo, el n\u00famero de fallecimientos a nivel estatal se mantiene en la misma cifra que ayer con cinco mil 649, al no reportar nuevos decesos.<\/p>\n\n\n\n<p>En cuanto a los casos activos en la entidad se cuantificaron 91 en 38 municipios, as\u00ed tambi\u00e9n hay 5 mil 912 como sospechoso, un global de 69 mil 556 casos negativos, y 78 mil 148 recuperados.<\/p>\n\n\n\n<p>Para la actualizaci\u00f3n de este viernes, son 15 municipios con la presencia de diagn\u00f3sticos nuevos, con la mayor incidencia en Mat\u00edas Romero Avenda\u00f1o que present\u00f3 tres casos, seguido de Oaxaca de Ju\u00e1rez con dos notificaciones, el resto un positivo.<\/p>\n\n\n\n<p>Referente a la distribuci\u00f3n Jurisdiccional del total de contagios, 50 mil 870 corresponden a Valles Centrales, regi\u00f3n con 58 casos activos; el Istmo con 11 mil 857 positivos y 13 casos activos; Tuxtepec con cinco mil 798 positivos y cinco activos; la Costa con cinco mil 885 positivos y seis casos activos; Mixteca con seis mil 510 positivos y siete casos activos; la Sierra con dos mil 968 positivos y dos casos activos.<\/p>\n\n\n\n<figure class=\"wp-block-embed is-type-rich is-provider-twitter wp-block-embed-twitter\"><div class=\"wp-block-embed__wrapper\">\n<div class=\"twitter-tweet\"><blockquote class=\"twitter-tweet\" data-lang=\"es\"><p lang=\"es\" dir=\"ltr\"><a href=\"https:\/\/twitter.com\/hashtag\/%C3%9AltimoMinuto?src=hash&amp;ref_src=twsrc%5Etfw\">#\u00daltimoMinuto<\/a> <br>Este viernes, los <a href=\"https:\/\/twitter.com\/SSO_GobOax?ref_src=twsrc%5Etfw\">@SSO_GobOax<\/a> reportan 18 casos positivos de Covid y 0 decesos. <br>Suman 83 mil 888 casos confirmados y 5 mil 649 decesos. <br>Hay 4 hospitales saturados y la ocupaci\u00f3n hospitalaria promedio es de 19%. <a href=\"https:\/\/t.co\/k2RFVNRdGJ\">pic.twitter.com\/k2RFVNRdGJ<\/a><\/p>&mdash; Zona Roja Oaxaca (@Zona_Roja_Oax) <a href=\"https:\/\/twitter.com\/Zona_Roja_Oax\/status\/1474575057406107650?ref_src=twsrc%5Etfw\">25 de diciembre de 2021<\/a><\/blockquote><\/div>\n<\/div><\/figure>\n\n\n\n<p>En tanto, la ocupaci\u00f3n hospitalaria se encuentra al 19% de manera global, con cuatro hospitales al 100% de su capacidad, as\u00ed como un total de 80 hospitalizados, sin ingresos nuevos. De las 422 camas destinadas para la atenci\u00f3n de personas con esta patolog\u00eda, 342 est\u00e1n disponibles.<\/p>\n\n\n\n<p>La instituci\u00f3n precis\u00f3 que, aunque la pandemia se ha mantenido estable, sigue siendo preocupante el riesgo de rebrotes, hospitalizaciones y muertes por esta causa, por ello es indispensable el uso del cubrebocas tanto en espacios abiertos como cerrados, en donde entren moment\u00e1neamente o permanezcan personas que no vivan en el mismo domicilio.<\/p>\n\n\n\n<p>Ya que record\u00f3 que un gran porcentaje de las personas pueden ser asintom\u00e1ticas o contagiar el virus antes de presentar s\u00edntomas, por lo cual es dif\u00edcil saber en una primera etapa de la enfermedad, qui\u00e9n puede ser portador del coronavirus.<\/p>\n\n\n\n<p>En este sentido, esta dependencia pidi\u00f3 a las familias oaxaque\u00f1as a hacer conciencia de la necesidad de mantener las precauciones sanitarias durante las reuniones de Nochebuena y Navidad, con el fin de evitar el incremento de contagios del SARS-CoV-2 en la entidad.<\/p>\n","protected":false},"excerpt":{"rendered":"<p>Redacci\u00f3n\/Zona Roja. Oaxaca de Ju\u00e1rez, Oax., 25 de diciembre de 2021.- Ayer viernes 24 de&hellip;<\/p>\n","protected":false},"author":2,"featured_media":35740,"comment_status":"closed","ping_status":"open","sticky":false,"template":"","format":"standard","meta":{"_lmt_disableupdate":"","_lmt_disable":"","_jetpack_memberships_contains_paid_content":false,"footnotes":""},"categories":[109,47],"tags":[1512],"class_list":["post-35739","post","type-post","status-publish","format-standard","has-post-thumbnail","hentry","category-minuto-a-minuto","category-zona-gris","tag-coronavirus-oaxaca"],"jetpack_featured_media_url":"https:\/\/zonaroja.com.mx\/wp-content\/uploads\/2021\/12\/24-de-diciembre-de-2021.-Comunicado-Tecnico-COVID-19.jpg","jetpack_sharing_enabled":true,"_links":{"self":[{"href":"https:\/\/zonaroja.com.mx\/index.php?rest_route=\/wp\/v2\/posts\/35739","targetHints":{"allow":["GET"]}}],"collection":[{"href":"https:\/\/zonaroja.com.mx\/index.php?rest_route=\/wp\/v2\/posts"}],"about":[{"href":"https:\/\/zonaroja.com.mx\/index.php?rest_route=\/wp\/v2\/types\/post"}],"author":[{"embeddable":true,"href":"https:\/\/zonaroja.com.mx\/index.php?rest_route=\/wp\/v2\/users\/2"}],"replies":[{"embeddable":true,"href":"https:\/\/zonaroja.com.mx\/index.php?rest_route=%2Fwp%2Fv2%2Fcomments&post=35739"}],"version-history":[{"count":3,"href":"https:\/\/zonaroja.com.mx\/index.php?rest_route=\/wp\/v2\/posts\/35739\/revisions"}],"predecessor-version":[{"id":35743,"href":"https:\/\/zonaroja.com.mx\/index.php?rest_route=\/wp\/v2\/posts\/35739\/revisions\/35743"}],"wp:featuredmedia":[{"embeddable":true,"href":"https:\/\/zonaroja.com.mx\/index.php?rest_route=\/wp\/v2\/media\/35740"}],"wp:attachment":[{"href":"https:\/\/zonaroja.com.mx\/index.php?rest_route=%2Fwp%2Fv2%2Fmedia&parent=35739"}],"wp:term":[{"taxonomy":"category","embeddable":true,"href":"https:\/\/zonaroja.com.mx\/index.php?rest_route=%2Fwp%2Fv2%2Fcategories&post=35739"},{"taxonomy":"post_tag","embeddable":true,"href":"https:\/\/zonaroja.com.mx\/index.php?rest_route=%2Fwp%2Fv2%2Ftags&post=35739"}],"curies":[{"name":"wp","href":"https:\/\/api.w.org\/{rel}","templated":true}]}}