{"id":3574,"date":"2019-09-01T11:38:18","date_gmt":"2019-09-01T16:38:18","guid":{"rendered":"http:\/\/www.zonaroja.com.mx\/?p=3574"},"modified":"2019-09-01T11:42:32","modified_gmt":"2019-09-01T16:42:32","slug":"iba-en-su-moto-a-ver-a-sus-dos-hijos-el-camion-urbano-la-mato","status":"publish","type":"post","link":"https:\/\/zonaroja.com.mx\/?p=3574","title":{"rendered":"Iba en su moto a ver a sus dos hijos; el cami\u00f3n urbano la mat\u00f3"},"content":{"rendered":"\n<p>Redacci\u00f3n\/Zona Roja.<\/p>\n\n\n\n<p>Oaxaca de Ju\u00e1rez, Oax., 1 de septiembre\nde 2019.- Iba a ver a sus dos hijos a San Mart\u00edn Mexic\u00e1paman, para darles de\ncomer. Cruzaba las calles del centro de la ciudad en su motoneta, con su casco\npuesto.<\/p>\n\n\n\n<p>Pero en la esquina de Mina y Miguel\nCabrera, el destino alcanz\u00f3 a Miriam Natali P.L. de 28 a\u00f1os de edad. Un cami\u00f3n urbano\ndel transporte de pasajeros, la alcanz\u00f3 y la arrastr\u00f3 con todo y moto por\nvarios metros. La tragedia comenz\u00f3.<\/p>\n\n\n\n<p>Fue el urbano con placas de circulaci\u00f3n 362-567-S de Oaxaca, de la l\u00ednea Choferes del Sur y con n\u00famero econ\u00f3mico A-104, &nbsp;que conduc\u00eda Jos\u00e9 Azhael C.B., de 38 a\u00f1os de edad.<\/p>\n\n\n\n<figure class=\"wp-block-embed-twitter wp-block-embed is-type-rich is-provider-twitter\"><div class=\"wp-block-embed__wrapper\">\n<div class=\"twitter-tweet\"><blockquote class=\"twitter-tweet\" data-lang=\"es\"><p lang=\"es\" dir=\"ltr\"><a href=\"https:\/\/twitter.com\/hashtag\/OaxacaRojo?src=hash&amp;ref_src=twsrc%5Etfw\">#OaxacaRojo<\/a><br>Impune tambi\u00e9n el transporte urbano en la cuidad de <a href=\"https:\/\/twitter.com\/hashtag\/Oaxaca?src=hash&amp;ref_src=twsrc%5Etfw\">#Oaxaca<\/a>. Esta tarde un cami\u00f3n de pasajeros atropell\u00f3 y arroll\u00f3 a una joven con su motocicleta en el centro de la capital. <br>Ni orden ni sanciones por parte de <a href=\"https:\/\/twitter.com\/MunicipioSeguro?ref_src=twsrc%5Etfw\">@MunicipioSeguro<\/a> y <a href=\"https:\/\/twitter.com\/SEMOVI_GobOax?ref_src=twsrc%5Etfw\">@SEMOVI_GobOax<\/a>. <a href=\"https:\/\/t.co\/TsotmhYtdC\">pic.twitter.com\/TsotmhYtdC<\/a><\/p>&mdash; Zona Roja Oaxaca (@MexRoja) <a href=\"https:\/\/twitter.com\/MexRoja\/status\/1167931843028480000?ref_src=twsrc%5Etfw\">31 de agosto de 2019<\/a><\/blockquote><\/div>\n<\/div><\/figure>\n\n\n\n<p>El hombre aparentemente iba sobrio; se\nbaj\u00f3 de inmediato, verific\u00f3 la situaci\u00f3n. Luego tom\u00f3 fotos desde distintos\n\u00e1ngulos, quiz\u00e1 para su defensa, y ah\u00ed mismo fue detenido por la polic\u00eda.<\/p>\n\n\n\n<p>Miriam Natali fue atendida por\nparam\u00e9dicos de Bomberos, quienes la valoraron; aparentemente no hab\u00eda sangre ni\nera grave. Fue llevada al hospital de la capital.<\/p>\n\n\n\n<p>Pero en la noche sobrevino la tragedia.\nLa joven mujer perdi\u00f3 la batalla, por m\u00faltiples y graves golpes internos. El\ntransporte urbano sum\u00f3 una en\u00e9sima v\u00edctima a su lista de impunidad.<\/p>\n","protected":false},"excerpt":{"rendered":"<p>Redacci\u00f3n\/Zona Roja. Oaxaca de Ju\u00e1rez, Oax., 1 de septiembre de 2019.- Iba a ver a&hellip;<\/p>\n","protected":false},"author":2,"featured_media":3576,"comment_status":"closed","ping_status":"open","sticky":false,"template":"","format":"standard","meta":{"_lmt_disableupdate":"","_lmt_disable":"","_jetpack_memberships_contains_paid_content":false,"footnotes":""},"categories":[1],"tags":[],"class_list":["post-3574","post","type-post","status-publish","format-standard","has-post-thumbnail","hentry","category-sin-categoria"],"jetpack_featured_media_url":"https:\/\/zonaroja.com.mx\/wp-content\/uploads\/2019\/09\/c6e45e21-285f-4c05-aacd-4af03a907dc0.jpg","jetpack_sharing_enabled":true,"_links":{"self":[{"href":"https:\/\/zonaroja.com.mx\/index.php?rest_route=\/wp\/v2\/posts\/3574","targetHints":{"allow":["GET"]}}],"collection":[{"href":"https:\/\/zonaroja.com.mx\/index.php?rest_route=\/wp\/v2\/posts"}],"about":[{"href":"https:\/\/zonaroja.com.mx\/index.php?rest_route=\/wp\/v2\/types\/post"}],"author":[{"embeddable":true,"href":"https:\/\/zonaroja.com.mx\/index.php?rest_route=\/wp\/v2\/users\/2"}],"replies":[{"embeddable":true,"href":"https:\/\/zonaroja.com.mx\/index.php?rest_route=%2Fwp%2Fv2%2Fcomments&post=3574"}],"version-history":[{"count":2,"href":"https:\/\/zonaroja.com.mx\/index.php?rest_route=\/wp\/v2\/posts\/3574\/revisions"}],"predecessor-version":[{"id":3577,"href":"https:\/\/zonaroja.com.mx\/index.php?rest_route=\/wp\/v2\/posts\/3574\/revisions\/3577"}],"wp:featuredmedia":[{"embeddable":true,"href":"https:\/\/zonaroja.com.mx\/index.php?rest_route=\/wp\/v2\/media\/3576"}],"wp:attachment":[{"href":"https:\/\/zonaroja.com.mx\/index.php?rest_route=%2Fwp%2Fv2%2Fmedia&parent=3574"}],"wp:term":[{"taxonomy":"category","embeddable":true,"href":"https:\/\/zonaroja.com.mx\/index.php?rest_route=%2Fwp%2Fv2%2Fcategories&post=3574"},{"taxonomy":"post_tag","embeddable":true,"href":"https:\/\/zonaroja.com.mx\/index.php?rest_route=%2Fwp%2Fv2%2Ftags&post=3574"}],"curies":[{"name":"wp","href":"https:\/\/api.w.org\/{rel}","templated":true}]}}