{"id":35749,"date":"2021-12-25T08:17:05","date_gmt":"2021-12-25T14:17:05","guid":{"rendered":"http:\/\/www.zonaroja.com.mx\/?p=35749"},"modified":"2021-12-25T08:17:08","modified_gmt":"2021-12-25T14:17:08","slug":"exige-damian-gallardo-al-estado-mexicano-cumplir-con-resolucion-del-cat","status":"publish","type":"post","link":"https:\/\/zonaroja.com.mx\/?p=35749","title":{"rendered":"Exige Dami\u00e1n Gallardo al Estado mexicano cumplir con resoluci\u00f3n del CAT"},"content":{"rendered":"\n<p>Redacci\u00f3n\/Zona Roja.<\/p>\n\n\n\n<p>Oaxaca de Ju\u00e1rez, Oax., 25 de diciembre 2021.- El defensor de derechos humanos Dami\u00e1n Gallardo Mart\u00ednez, acompa\u00f1ado por sus familiares, por Consorcio Oaxaca y por la Organizaci\u00f3n Mundial Contra la Tortura (OMCT) exigieron al gobierno mexicano el cumplimiento a cabalidad de la resoluci\u00f3n emitida por el Comit\u00e9 Contra la Tortura de las Naciones Unidas (CAT).<\/p>\n\n\n\n<p>El 14 de diciembre 2021, el Comit\u00e9 Contra la Tortura de las Naciones Unidas public\u00f3 la decisi\u00f3n CAT\/C\/72\/D\/992\/2020 en la que concluye que el Estado mexicano viol\u00f3 la Convenci\u00f3n contra la Tortura, es responsable de la detenci\u00f3n arbitraria ocurrida el 18 de mayo 2013 y de la tortura en perjuicio de Dami\u00e1n Gallardo y su familia, en un contexto de criminalizaci\u00f3n de la protesta social.<\/p>\n\n\n\n<p>Establece tambi\u00e9n que el Estado mexicano debe garantizar acceso a la justicia y reparaci\u00f3n integral del da\u00f1o, incluyendo la no repetici\u00f3n de la criminalizaci\u00f3n en contra de pueblos ind\u00edgenas.<\/p>\n\n\n\n<p>Miguel Mart\u00edn Zumalac\u00e1rregui, de la Organizaci\u00f3n Mundial Contra la Tortura, se\u00f1al\u00f3 que la resoluci\u00f3n del CAT es particularmente importante al ser la primera vez que dicho Comit\u00e9 se pronuncia en el caso de un defensor de derechos humanos y de la tortura como represalia a dicha labor en M\u00e9xico.<\/p>\n\n\n\n<p>Hizo un llamado al subsecretario de Derechos Humanos de la Secretar\u00eda de Gobernaci\u00f3n, Alejandro Encinas a que tome cartas en el asunto y se re\u00fana de manera urgente con Dami\u00e1n Gallardo y sus representantes para establecer la ruta de seguimiento e implementaci\u00f3n cabal de esta resoluci\u00f3n vinculante.<\/p>\n\n\n\n<p>A su vez el defensor de derechos humanos Dami\u00e1n Gallardo se\u00f1al\u00f3:<\/p>\n\n\n\n<p>\u201cLa decisi\u00f3n del CAT sienta un precedente hist\u00f3rico en el largo camino de ocho a\u00f1os y medio en la lucha por el acceso a la justicia, tras haber sido difamado, encarcelado de manera arbitraria, y torturado, con alto impacto en todo el tejido familiar, social y comunitario.<\/p>\n\n\n\n<p>\u201cSin duda esta resoluci\u00f3n marca un precedente importante sobre la verdad hist\u00f3rica que siempre fue negada y tergiversada por el gobierno encabezado por Enrique Pe\u00f1a Nieto. Hoy me dignifica de manera contundente a m\u00ed, as\u00ed como a mi familia y al movimiento social, el reconocimiento de la criminalizaci\u00f3n por mi labor como defensor de los pueblos ind\u00edgenas y de la educaci\u00f3n\u201d.<\/p>\n\n\n\n<p>Yolanda Barranco, compa\u00f1era de vida de Dami\u00e1n Gallardo asegur\u00f3 que el reconocer y poner en el centro los impactos que tuvo la detenci\u00f3n y tortura de Dami\u00e1n, no s\u00f3lo para su persona sino tambi\u00e9n lo que nos ha significado en t\u00e9rminos de salud f\u00edsica y emocional a nivel familiar, as\u00ed como los impactos de la criminalizaci\u00f3n y violaciones a derechos humanos para el tejido organizativo, el tejido comunitario y los movimientos sociales de Oaxaca es particularmente importante.<\/p>\n\n\n\n<p>DIGNIFICAR A SE\u00d1ALADO<\/p>\n\n\n\n<p>Fel\u00edcitas Mart\u00ednez Vargas, madre de Dami\u00e1n Gallardo, recalc\u00f3 que con esta resoluci\u00f3n queda de manifiesto que nunca fueron verdad las terribles acusaciones contra su hijo, se\u00f1al\u00f3 que lo m\u00e1s dif\u00edcil en todo el proceso fueron los se\u00f1alamientos falsos que tambi\u00e9n impactaron en su comunidad Santa Mar\u00eda Tlahuitoltepec.&nbsp; Exigi\u00f3 que, as\u00ed como se gener\u00f3 una campa\u00f1a nacional para criminalizar a Dami\u00e1n Gallardo, ahora, se difunda con la misma magnitud la resoluci\u00f3n y la verdad de lo que sucedi\u00f3, dignificando de esta manera a Dami\u00e1n Gallardo y su familia.<\/p>\n\n\n\n<p>Por su parte,&nbsp; Yesica S\u00e1nchez Maya, abogada y&nbsp; una de las representantes del caso, hizo \u00e9nfasis en que, en su decisi\u00f3n el Comit\u00e9 precisa diversas medidas particularmente importantes que el Gobierno Mexicano deber\u00e1 de implementar a la brevedad como son la realizaci\u00f3n de una disculpa p\u00fablica, la publicaci\u00f3n de la resoluci\u00f3n incluso en un diario de amplia circulaci\u00f3n en el estado de Oaxaca, el enjuiciamiento de los responsables y la reparaci\u00f3n integral del da\u00f1o incluyendo rehabilitaci\u00f3n respetuosa de la cosmovisi\u00f3n del defensor de derechos humanos y su familia.<\/p>\n\n\n\n<p>Agradeci\u00f3 a todas las organizaciones estatales, nacionales e internacionales que han acompa\u00f1ado el caso durante estos 8 a\u00f1os y medio.<\/p>\n\n\n\n<p>Finalmente, Guillermo Fern\u00e1ndez-Maldonado, representante de la Oficina de la Alta Comisionada de las Naciones Unidas por los Derechos Humanos en M\u00e9xico se\u00f1al\u00f3 que este caso paradigm\u00e1tico evidencia la impunidad en materia de tortura misma que es la mayor deuda del Estado Mexicano con las v\u00edctimas y la sociedad. Inst\u00f3 a que se revisar\u00e1n las acusaciones contra activistas sociales, alert\u00f3 ante el abuso de la prisi\u00f3n preventiva y manifest\u00f3 el compromiso de la OACNUDH para acompa\u00f1ar la implementaci\u00f3n de la resoluci\u00f3n del CAT en este caso y el acceso real a la justicia y reparaci\u00f3n del da\u00f1o.<\/p>\n","protected":false},"excerpt":{"rendered":"<p>Redacci\u00f3n\/Zona Roja. Oaxaca de Ju\u00e1rez, Oax., 25 de diciembre 2021.- El defensor de derechos humanos&hellip;<\/p>\n","protected":false},"author":2,"featured_media":35751,"comment_status":"closed","ping_status":"open","sticky":false,"template":"","format":"standard","meta":{"_lmt_disableupdate":"","_lmt_disable":"","_jetpack_memberships_contains_paid_content":false,"footnotes":""},"categories":[109,46],"tags":[2990],"class_list":["post-35749","post","type-post","status-publish","format-standard","has-post-thumbnail","hentry","category-minuto-a-minuto","category-zona-blanca","tag-damian-gallardo-martinez"],"jetpack_featured_media_url":"https:\/\/zonaroja.com.mx\/wp-content\/uploads\/2021\/12\/Damian-Gallardo-conferencia.jpg","jetpack_sharing_enabled":true,"_links":{"self":[{"href":"https:\/\/zonaroja.com.mx\/index.php?rest_route=\/wp\/v2\/posts\/35749","targetHints":{"allow":["GET"]}}],"collection":[{"href":"https:\/\/zonaroja.com.mx\/index.php?rest_route=\/wp\/v2\/posts"}],"about":[{"href":"https:\/\/zonaroja.com.mx\/index.php?rest_route=\/wp\/v2\/types\/post"}],"author":[{"embeddable":true,"href":"https:\/\/zonaroja.com.mx\/index.php?rest_route=\/wp\/v2\/users\/2"}],"replies":[{"embeddable":true,"href":"https:\/\/zonaroja.com.mx\/index.php?rest_route=%2Fwp%2Fv2%2Fcomments&post=35749"}],"version-history":[{"count":1,"href":"https:\/\/zonaroja.com.mx\/index.php?rest_route=\/wp\/v2\/posts\/35749\/revisions"}],"predecessor-version":[{"id":35752,"href":"https:\/\/zonaroja.com.mx\/index.php?rest_route=\/wp\/v2\/posts\/35749\/revisions\/35752"}],"wp:featuredmedia":[{"embeddable":true,"href":"https:\/\/zonaroja.com.mx\/index.php?rest_route=\/wp\/v2\/media\/35751"}],"wp:attachment":[{"href":"https:\/\/zonaroja.com.mx\/index.php?rest_route=%2Fwp%2Fv2%2Fmedia&parent=35749"}],"wp:term":[{"taxonomy":"category","embeddable":true,"href":"https:\/\/zonaroja.com.mx\/index.php?rest_route=%2Fwp%2Fv2%2Fcategories&post=35749"},{"taxonomy":"post_tag","embeddable":true,"href":"https:\/\/zonaroja.com.mx\/index.php?rest_route=%2Fwp%2Fv2%2Ftags&post=35749"}],"curies":[{"name":"wp","href":"https:\/\/api.w.org\/{rel}","templated":true}]}}