{"id":35767,"date":"2021-12-25T18:02:39","date_gmt":"2021-12-26T00:02:39","guid":{"rendered":"http:\/\/www.zonaroja.com.mx\/?p=35767"},"modified":"2021-12-25T18:02:44","modified_gmt":"2021-12-26T00:02:44","slug":"tras-denuncia-asegura-profepa-un-jaguar-y-otras-especies-en-cautiverio-en-ejutla","status":"publish","type":"post","link":"https:\/\/zonaroja.com.mx\/?p=35767","title":{"rendered":"Tras denuncia, asegura Profepa un jaguar y otras especies en cautiverio en Ejutla"},"content":{"rendered":"\n<p>Redacci\u00f3n\/Informativo 570.<\/p>\n\n\n\n<p>Oaxaca de Ju\u00e1rez, Oax., 25 de diciembre de 2021.- Luego de la denuncia p\u00fablica contra el balneario \u201cLoma del Sol\u201d, donde un ni\u00f1o de nueve a\u00f1os fue atacado por un jaguar, la Procuradur\u00eda Federal de Protecci\u00f3n al Ambiente (PROFEPA) atendi\u00f3 la demanda de familiares.<\/p>\n\n\n\n<p>El establecimiento ubicado en la Agencia de Polic\u00eda Zoritana, Ejutla de Crespo, propiedad del se\u00f1or Juan Luis R\u00edos Jarqu\u00edn, manten\u00eda en cautiverio a varias especies en peligro de extinci\u00f3n sin los permisos de ley.<\/p>\n\n\n\n<p>Durante una visita de inspecci\u00f3n al lugar referido, la Profepa asegur\u00f3: un jaguar (Panthera onca), un coyote (Canis latrans), dos cara cara (Caracara Cheriway), una Aguililla (Buteo Albicaudatus).<\/p>\n\n\n\n<p>Al encontrarse de manera ilegal, R\u00edos Jarqu\u00edn no contaba con los requisitos establecidos por la Ley General de la Vida Silvestre para mantener a estas especies en el lugar en condiciones \u00f3ptimas, las cuales ofrec\u00eda como una atracci\u00f3n a familias y visitantes del balneario.<\/p>\n\n\n\n<p>Por lo que la Procuradur\u00eda los traslad\u00f3 a instalaciones especializadas donde recibir\u00e1n la atenci\u00f3n y cuidados necesarios. Mientras se esperan sanciones al due\u00f1o del lugar.<\/p>\n\n\n\n<p>Asimismo, la dependencia exhort\u00f3 a continuar denunciando casos como este, que lamentablemente dej\u00f3 un menor con lesiones de gravedad. Para ello puso a disposici\u00f3n el n\u00famero 800- PROFEPA y <a href=\"mailto:denuncias@profepa.gob.mx\">denuncias@profepa.gob.mx<\/a><\/p>\n","protected":false},"excerpt":{"rendered":"<p>Redacci\u00f3n\/Informativo 570. Oaxaca de Ju\u00e1rez, Oax., 25 de diciembre de 2021.- Luego de la denuncia&hellip;<\/p>\n","protected":false},"author":2,"featured_media":35766,"comment_status":"closed","ping_status":"open","sticky":false,"template":"","format":"standard","meta":{"_lmt_disableupdate":"","_lmt_disable":"","_jetpack_memberships_contains_paid_content":false,"footnotes":""},"categories":[109,47],"tags":[702],"class_list":["post-35767","post","type-post","status-publish","format-standard","has-post-thumbnail","hentry","category-minuto-a-minuto","category-zona-gris","tag-ejutla-de-crespo"],"jetpack_featured_media_url":"https:\/\/zonaroja.com.mx\/wp-content\/uploads\/2021\/12\/Jaguar-y-otras-especies-balneario-Ejutla.jpg","jetpack_sharing_enabled":true,"_links":{"self":[{"href":"https:\/\/zonaroja.com.mx\/index.php?rest_route=\/wp\/v2\/posts\/35767","targetHints":{"allow":["GET"]}}],"collection":[{"href":"https:\/\/zonaroja.com.mx\/index.php?rest_route=\/wp\/v2\/posts"}],"about":[{"href":"https:\/\/zonaroja.com.mx\/index.php?rest_route=\/wp\/v2\/types\/post"}],"author":[{"embeddable":true,"href":"https:\/\/zonaroja.com.mx\/index.php?rest_route=\/wp\/v2\/users\/2"}],"replies":[{"embeddable":true,"href":"https:\/\/zonaroja.com.mx\/index.php?rest_route=%2Fwp%2Fv2%2Fcomments&post=35767"}],"version-history":[{"count":1,"href":"https:\/\/zonaroja.com.mx\/index.php?rest_route=\/wp\/v2\/posts\/35767\/revisions"}],"predecessor-version":[{"id":35768,"href":"https:\/\/zonaroja.com.mx\/index.php?rest_route=\/wp\/v2\/posts\/35767\/revisions\/35768"}],"wp:featuredmedia":[{"embeddable":true,"href":"https:\/\/zonaroja.com.mx\/index.php?rest_route=\/wp\/v2\/media\/35766"}],"wp:attachment":[{"href":"https:\/\/zonaroja.com.mx\/index.php?rest_route=%2Fwp%2Fv2%2Fmedia&parent=35767"}],"wp:term":[{"taxonomy":"category","embeddable":true,"href":"https:\/\/zonaroja.com.mx\/index.php?rest_route=%2Fwp%2Fv2%2Fcategories&post=35767"},{"taxonomy":"post_tag","embeddable":true,"href":"https:\/\/zonaroja.com.mx\/index.php?rest_route=%2Fwp%2Fv2%2Ftags&post=35767"}],"curies":[{"name":"wp","href":"https:\/\/api.w.org\/{rel}","templated":true}]}}