{"id":35769,"date":"2021-12-25T18:49:42","date_gmt":"2021-12-26T00:49:42","guid":{"rendered":"http:\/\/www.zonaroja.com.mx\/?p=35769"},"modified":"2021-12-25T18:49:46","modified_gmt":"2021-12-26T00:49:46","slug":"sangrientas-visperas-de-navidad-en-oaxaca-8-muertos-por-accidentes","status":"publish","type":"post","link":"https:\/\/zonaroja.com.mx\/?p=35769","title":{"rendered":"Sangrientas v\u00edsperas de Navidad en Oaxaca: 8 muertos por accidentes"},"content":{"rendered":"\n<p>Redacci\u00f3n\/Zona Roja.<\/p>\n\n\n\n<p>Oaxaca de Ju\u00e1rez, Oax., 25 de diciembre de 2021.- Al menos ocho personas han perdido la vida y unas 20 han resultado lesionadas a causa de accidentes vehiculares, antes y durante el d\u00eda de la Navidad en Oaxaca.<\/p>\n\n\n\n<p>El m\u00e1s reciente percance se registr\u00f3 la ma\u00f1ana de este 25 de diciembre en la carretera federal 190, Oaxaca-M\u00e9xico, en el entronque a la supercarretera, jurisdicci\u00f3n de San Pablo, Etla.<\/p>\n\n\n\n<p>El conductor de una camioneta marca Honda, tipo Odyssey, color gris, con placas de circulaci\u00f3n NSC-6951 de Oaxaca y en que viajaban varias personas, incluyendo un menor de edad, presuntamente choc\u00f3 contra un cami\u00f3n de carga pesada.<\/p>\n\n\n\n<p>En el sitio muri\u00f3 una mujer, a\u00fan no identificada, y al menos siete personas m\u00e1s resultaron lesionadas, dos de ellas de gravedad, que fueron canalizadas a un hospital particular de la capital oaxaque\u00f1a.<\/p>\n\n\n\n<p>Apenas ayer al mediod\u00eda, en la carretera federal 190, Oaxaca-M\u00e9xico, en el tramo entre San Pedro Totol\u00e1pam y el Camar\u00f3n, Yautepec, una pareja de motociclistas se accident\u00f3; la mujer result\u00f3 con heridas de gravedad, mientras que en el sitio muri\u00f3 el var\u00f3n.<\/p>\n\n\n\n<p>Por la ma\u00f1ana en una vialidad del Barrio \u00d1ucahuaa, en el municipio de Santa Mar\u00eda Huazolotitl\u00e1n, un motociclista de nombre Fernando, en probable estado de ebriedad, choc\u00f3 con su unidad de motor contra un poste y perdi\u00f3 la vida<\/p>\n\n\n\n<p>Mientras que durante la madrugada, una camioneta particular choc\u00f3 de frente con un autob\u00fas de la empresa ADO, en la supercarretera Oaxaca-Cuacnopalan, a la altura del kil\u00f3metro 169, jurisdicci\u00f3n de Asunci\u00f3n Nochixtl\u00e1n, donde fallecieron tres personas y la menos ocho resultaron lesionadas.<\/p>\n\n\n\n<p>El jueves por la tarde, en la carretera local que comunica al municipio de Santa Catarina Juquila con la localidad de San Francisco Ixpantepec, se registr\u00f3 la volcadura de una camioneta de carga y pasaje, de la l\u00ednea \u201cSanta Mar\u00eda\u201d A. C., con n\u00famero econ\u00f3mico 00-822.<\/p>\n\n\n\n<p>La unidad qued\u00f3 en un barranco, donde rescataron el cuerpo sin vida de una persona del sexo masculino, quien era el chofer Jer\u00f3nimo Cort\u00e9s, mientras que al menos cinco pasajeros resultaron lesionados.<\/p>\n\n\n\n<p>Tambi\u00e9n ese d\u00eda pero en el municipio de San Pedro Sochi\u00e1pam, en la regi\u00f3n Ca\u00f1ada del estado, personal del Heroico Cuerpo de Bomberos y autoridades rescataron el cuerpo de una persona sin vida, reportada como desaparecida d\u00edas atr\u00e1s, y localizada en el r\u00edo \u201cRetumbadero\u201d.<\/p>\n","protected":false},"excerpt":{"rendered":"<p>Redacci\u00f3n\/Zona Roja. Oaxaca de Ju\u00e1rez, Oax., 25 de diciembre de 2021.- Al menos ocho personas&hellip;<\/p>\n","protected":false},"author":2,"featured_media":35765,"comment_status":"closed","ping_status":"open","sticky":false,"template":"","format":"standard","meta":{"_lmt_disableupdate":"","_lmt_disable":"","_jetpack_memberships_contains_paid_content":false,"footnotes":""},"categories":[109,51],"tags":[],"class_list":["post-35769","post","type-post","status-publish","format-standard","has-post-thumbnail","hentry","category-minuto-a-minuto","category-zona-roja"],"jetpack_featured_media_url":"https:\/\/zonaroja.com.mx\/wp-content\/uploads\/2021\/12\/Accidente-carretero-Oaxaca-entrada-super.jpg","jetpack_sharing_enabled":true,"_links":{"self":[{"href":"https:\/\/zonaroja.com.mx\/index.php?rest_route=\/wp\/v2\/posts\/35769","targetHints":{"allow":["GET"]}}],"collection":[{"href":"https:\/\/zonaroja.com.mx\/index.php?rest_route=\/wp\/v2\/posts"}],"about":[{"href":"https:\/\/zonaroja.com.mx\/index.php?rest_route=\/wp\/v2\/types\/post"}],"author":[{"embeddable":true,"href":"https:\/\/zonaroja.com.mx\/index.php?rest_route=\/wp\/v2\/users\/2"}],"replies":[{"embeddable":true,"href":"https:\/\/zonaroja.com.mx\/index.php?rest_route=%2Fwp%2Fv2%2Fcomments&post=35769"}],"version-history":[{"count":1,"href":"https:\/\/zonaroja.com.mx\/index.php?rest_route=\/wp\/v2\/posts\/35769\/revisions"}],"predecessor-version":[{"id":35770,"href":"https:\/\/zonaroja.com.mx\/index.php?rest_route=\/wp\/v2\/posts\/35769\/revisions\/35770"}],"wp:featuredmedia":[{"embeddable":true,"href":"https:\/\/zonaroja.com.mx\/index.php?rest_route=\/wp\/v2\/media\/35765"}],"wp:attachment":[{"href":"https:\/\/zonaroja.com.mx\/index.php?rest_route=%2Fwp%2Fv2%2Fmedia&parent=35769"}],"wp:term":[{"taxonomy":"category","embeddable":true,"href":"https:\/\/zonaroja.com.mx\/index.php?rest_route=%2Fwp%2Fv2%2Fcategories&post=35769"},{"taxonomy":"post_tag","embeddable":true,"href":"https:\/\/zonaroja.com.mx\/index.php?rest_route=%2Fwp%2Fv2%2Ftags&post=35769"}],"curies":[{"name":"wp","href":"https:\/\/api.w.org\/{rel}","templated":true}]}}