{"id":35779,"date":"2021-12-26T06:48:52","date_gmt":"2021-12-26T12:48:52","guid":{"rendered":"http:\/\/www.zonaroja.com.mx\/?p=35779"},"modified":"2021-12-26T06:48:56","modified_gmt":"2021-12-26T12:48:56","slug":"en-noviembre-empleo-alcanza-su-mejor-nivel-en-la-pandemia","status":"publish","type":"post","link":"https:\/\/zonaroja.com.mx\/?p=35779","title":{"rendered":"En noviembre, empleo alcanza su mejor nivel en la pandemia"},"content":{"rendered":"\n<p>Redacci\u00f3n\/Zona Roja Cdmx.<\/p>\n\n\n\n<p>Ciudad de M\u00e9xico, 26 de diciembre de 2021.- Aunque moder\u00f3 su ritmo con respecto al mes pasado, el mercado de trabajo mantuvo su recuperaci\u00f3n en noviembre. De acuerdo con la Encuesta Nacional de Ocupaci\u00f3n y Empleo (ENOE), en el pen\u00faltimo mes del a\u00f1o se sumaron 119,098 personas a la poblaci\u00f3n ocupada y, en consecuencia, la desocupaci\u00f3n disminuy\u00f3 a su nivel m\u00e1s bajo en toda la pandemia.<\/p>\n\n\n\n<p>La tasa de desocupaci\u00f3n se ubic\u00f3 en 3.6% reportando una reducci\u00f3n de 3 puntos base en comparaci\u00f3n con octubre. A diferencia de la ocupaci\u00f3n que recuper\u00f3 su nivel previo a la emergencia sanitaria en julio, la desocupaci\u00f3n demor\u00f3 21 meses en retornar a las cifras observadas antes de las afectaciones de la pandemia.<\/p>\n\n\n\n<p>En contraste con el arranque del \u00faltimo trimestre del a\u00f1o cuando el crecimiento de la poblaci\u00f3n ocupada se concentr\u00f3 en su mayor\u00eda en la formalidad, en noviembre el 68% de la creaci\u00f3n de puestos de trabajo estuvo vinculada a la informalidad. De esta manera, en el pen\u00faltimo mes del a\u00f1o la tasa de informalidad laboral se ubic\u00f3 en 55.6%, sin variaci\u00f3n respecto a octubre.<\/p>\n\n\n\n<p>Por actividades, el sector de agricultura, ganader\u00eda y pesca tuvo una p\u00e9rdida de 368,658 puestos de trabajo y es el que presenta el mayor rezago en cantidad de personas ocupadas en comparaci\u00f3n con sus niveles prepandemia.<\/p>\n\n\n\n<p>Respecto de octubre cuando el sector industrial present\u00f3 una ligera reducci\u00f3n de personal ocupado, en el cierre de a\u00f1o este rengl\u00f3n sum\u00f3 a 417,159 trabajadores, este aumento estuvo ligado al crecimiento del empleo en la manufactura, lo que compens\u00f3 las ca\u00eddas en construcci\u00f3n e industria minera.<\/p>\n\n\n\n<p>Por otra parte, el sector de servicios sostuvo su recuperaci\u00f3n durante noviembre, aunque a un ritmo m\u00e1s moderado. Las actividades en este rubro sumaron a 52,975 personas a la poblaci\u00f3n ocupada.<\/p>\n\n\n\n<p>Los servicios sociales crecieron en 123,302 puestos de trabajo, las actividades en gobierno en 104,935 y restaurantes y servicios de alojamiento en 70,833, estos aumentos permitieron amortiguar contracciones de plazas en actividades en comercio, transporte y servicios profesionales, este \u00faltimo grupo con la mayor p\u00e9rdida reduciendo en 180,964 su personal ocupado.<\/p>\n\n\n\n<p>Entre otros aspectos positivos, se observ\u00f3 tambi\u00e9n una disminuci\u00f3n de la poblaci\u00f3n subocupada, la cual abarca a los trabajadores con jornadas reducidas y con la necesidad de laborar m\u00e1s tiempo que lo que le mercado les ofrece. Esta tasa se redujo cinco puntos base respecto a octubre para ubicarse en 10.48%, su nivel m\u00e1s bajo en lo que va de la emergencia sanitaria por la pandemia.<\/p>\n\n\n\n<p>&nbsp;(Informaci\u00f3n de \u201cEl Economista\u201d)<\/p>\n","protected":false},"excerpt":{"rendered":"<p>Redacci\u00f3n\/Zona Roja Cdmx. Ciudad de M\u00e9xico, 26 de diciembre de 2021.- Aunque moder\u00f3 su ritmo&hellip;<\/p>\n","protected":false},"author":2,"featured_media":34845,"comment_status":"closed","ping_status":"open","sticky":false,"template":"","format":"standard","meta":{"_lmt_disableupdate":"","_lmt_disable":"","_jetpack_memberships_contains_paid_content":false,"footnotes":""},"categories":[109,47],"tags":[],"class_list":["post-35779","post","type-post","status-publish","format-standard","has-post-thumbnail","hentry","category-minuto-a-minuto","category-zona-gris"],"jetpack_featured_media_url":"https:\/\/zonaroja.com.mx\/wp-content\/uploads\/2021\/11\/Empleo-oaxaca-Mexico.jpg","jetpack_sharing_enabled":true,"_links":{"self":[{"href":"https:\/\/zonaroja.com.mx\/index.php?rest_route=\/wp\/v2\/posts\/35779","targetHints":{"allow":["GET"]}}],"collection":[{"href":"https:\/\/zonaroja.com.mx\/index.php?rest_route=\/wp\/v2\/posts"}],"about":[{"href":"https:\/\/zonaroja.com.mx\/index.php?rest_route=\/wp\/v2\/types\/post"}],"author":[{"embeddable":true,"href":"https:\/\/zonaroja.com.mx\/index.php?rest_route=\/wp\/v2\/users\/2"}],"replies":[{"embeddable":true,"href":"https:\/\/zonaroja.com.mx\/index.php?rest_route=%2Fwp%2Fv2%2Fcomments&post=35779"}],"version-history":[{"count":1,"href":"https:\/\/zonaroja.com.mx\/index.php?rest_route=\/wp\/v2\/posts\/35779\/revisions"}],"predecessor-version":[{"id":35780,"href":"https:\/\/zonaroja.com.mx\/index.php?rest_route=\/wp\/v2\/posts\/35779\/revisions\/35780"}],"wp:featuredmedia":[{"embeddable":true,"href":"https:\/\/zonaroja.com.mx\/index.php?rest_route=\/wp\/v2\/media\/34845"}],"wp:attachment":[{"href":"https:\/\/zonaroja.com.mx\/index.php?rest_route=%2Fwp%2Fv2%2Fmedia&parent=35779"}],"wp:term":[{"taxonomy":"category","embeddable":true,"href":"https:\/\/zonaroja.com.mx\/index.php?rest_route=%2Fwp%2Fv2%2Fcategories&post=35779"},{"taxonomy":"post_tag","embeddable":true,"href":"https:\/\/zonaroja.com.mx\/index.php?rest_route=%2Fwp%2Fv2%2Ftags&post=35779"}],"curies":[{"name":"wp","href":"https:\/\/api.w.org\/{rel}","templated":true}]}}