{"id":3578,"date":"2019-09-01T12:52:25","date_gmt":"2019-09-01T17:52:25","guid":{"rendered":"http:\/\/www.zonaroja.com.mx\/?p=3578"},"modified":"2019-09-01T12:52:28","modified_gmt":"2019-09-01T17:52:28","slug":"amanece-tuxtepec-con-dos-ejecutados-y-un-herido-otra-vez","status":"publish","type":"post","link":"https:\/\/zonaroja.com.mx\/?p=3578","title":{"rendered":"Amanece Tuxtepec con dos ejecutados y un herido, otra vez"},"content":{"rendered":"\n<p>Redacci\u00f3n\/Zona Roja.<\/p>\n\n\n\n<p>Oaxaca de Ju\u00e1rez, Oax., 1 de septiembre\nde 2019.- San Juan Bautista Tuxtepec cerr\u00f3 e inici\u00f3 la semana con asesinatos\ncotidianos. Este domingo, la segunda ciudad m\u00e1s importante de Oaxaca amaneci\u00f3\ncon dos personas ejecutadas.<\/p>\n\n\n\n<p>En inmediaciones del campo deportivo de\nla comunidad de Benem\u00e9rito Ju\u00e1rez, mejor conocido como Palo Gacho, la madrugada\nde hoy fue ultimada a machetazos una persona, identificada de manera preliminar\ncomo Lorenzo Navarrete.<\/p>\n\n\n\n<p>Tambi\u00e9n en la madrugada pero en el\nexterior de un bar denominado \u201cLa Oaxaque\u00f1a\u201d, que se localiza en la prolongaci\u00f3n\n20 de Noviembre de la colonia 5 de Mayo, hubo un ataque armado, con saldo de un\nlesionado y un herido.<\/p>\n\n\n\n<p>Las v\u00edctimas fueron trasladadas al\nhospital del IMSS donde perdi\u00f3 la vida uno de ellos, de nombre \u00c1ngel de Jes\u00fas\nPulido Baraja, de 27 a\u00f1os de edad, mientras que el otro, Gustavo Tr\u00e1paga, quien\nse desempe\u00f1a como Polic\u00eda Estatal en Veracruz, permanece en atenci\u00f3n m\u00e9dica.<\/p>\n","protected":false},"excerpt":{"rendered":"<p>Redacci\u00f3n\/Zona Roja. Oaxaca de Ju\u00e1rez, Oax., 1 de septiembre de 2019.- San Juan Bautista Tuxtepec&hellip;<\/p>\n","protected":false},"author":2,"featured_media":3579,"comment_status":"closed","ping_status":"open","sticky":false,"template":"","format":"standard","meta":{"_lmt_disableupdate":"","_lmt_disable":"","_jetpack_memberships_contains_paid_content":false,"footnotes":""},"categories":[109,51],"tags":[118],"class_list":["post-3578","post","type-post","status-publish","format-standard","has-post-thumbnail","hentry","category-minuto-a-minuto","category-zona-roja","tag-san-juan-bautista-tuxtepec"],"jetpack_featured_media_url":"https:\/\/zonaroja.com.mx\/wp-content\/uploads\/2019\/09\/877fc138-8453-45b9-b7a9-8ff007a02d7b.jpg","jetpack_sharing_enabled":true,"_links":{"self":[{"href":"https:\/\/zonaroja.com.mx\/index.php?rest_route=\/wp\/v2\/posts\/3578","targetHints":{"allow":["GET"]}}],"collection":[{"href":"https:\/\/zonaroja.com.mx\/index.php?rest_route=\/wp\/v2\/posts"}],"about":[{"href":"https:\/\/zonaroja.com.mx\/index.php?rest_route=\/wp\/v2\/types\/post"}],"author":[{"embeddable":true,"href":"https:\/\/zonaroja.com.mx\/index.php?rest_route=\/wp\/v2\/users\/2"}],"replies":[{"embeddable":true,"href":"https:\/\/zonaroja.com.mx\/index.php?rest_route=%2Fwp%2Fv2%2Fcomments&post=3578"}],"version-history":[{"count":1,"href":"https:\/\/zonaroja.com.mx\/index.php?rest_route=\/wp\/v2\/posts\/3578\/revisions"}],"predecessor-version":[{"id":3580,"href":"https:\/\/zonaroja.com.mx\/index.php?rest_route=\/wp\/v2\/posts\/3578\/revisions\/3580"}],"wp:featuredmedia":[{"embeddable":true,"href":"https:\/\/zonaroja.com.mx\/index.php?rest_route=\/wp\/v2\/media\/3579"}],"wp:attachment":[{"href":"https:\/\/zonaroja.com.mx\/index.php?rest_route=%2Fwp%2Fv2%2Fmedia&parent=3578"}],"wp:term":[{"taxonomy":"category","embeddable":true,"href":"https:\/\/zonaroja.com.mx\/index.php?rest_route=%2Fwp%2Fv2%2Fcategories&post=3578"},{"taxonomy":"post_tag","embeddable":true,"href":"https:\/\/zonaroja.com.mx\/index.php?rest_route=%2Fwp%2Fv2%2Ftags&post=3578"}],"curies":[{"name":"wp","href":"https:\/\/api.w.org\/{rel}","templated":true}]}}