{"id":35783,"date":"2021-12-26T07:05:30","date_gmt":"2021-12-26T13:05:30","guid":{"rendered":"http:\/\/www.zonaroja.com.mx\/?p=35783"},"modified":"2021-12-26T07:05:33","modified_gmt":"2021-12-26T13:05:33","slug":"crece-a-42-la-cifra-de-casos-positivos-de-omicron-en-mexico","status":"publish","type":"post","link":"https:\/\/zonaroja.com.mx\/?p=35783","title":{"rendered":"Crece a 42 la cifra de casos positivos de \u00d3micron en M\u00e9xico"},"content":{"rendered":"\n<p>Redacci\u00f3n\/Zona Roja Cdmx.<\/p>\n\n\n\n<p>Ciudad de M\u00e9xico, 26 de diciembre de 2021.- M\u00e9xico contin\u00faa con el aumento de casos positivos de la variante \u00d3micron a lo largo del pa\u00eds, pues este 25 de diciembre se dio a conocer que la cifra de personas infectadas con esta nueva cepa de coronavirus ascendi\u00f3 a 42.<\/p>\n\n\n\n<p>As\u00ed lo detall\u00f3 la base de datos de GISAID (Global Initiative on Sharing All Influenza Data), donde confirmaron el informe de la Secretar\u00eda de Salud de Sinaloa, quienes dieron a conocer que el \u00faltimo sospechoso en Sinaloa era positivo y que completa un total de 42 casos con la variante \u00d3micron en M\u00e9xico.<\/p>\n\n\n\n<p>Esto representa un 65% m\u00e1s de los datos presentados hace seis d\u00edas, cuando se reportaron 25 casos con esta nueva cepa del SARS-CoV-2. Ahora son ocho infectados m\u00e1s que los reportados por Infobae M\u00e9xico el d\u00eda 24 de diciembre de 2021, cuando se conoc\u00edan 34 positivos oficiales.<\/p>\n\n\n\n<p>De los 42 casos portadores de la variante \u00d3micron en M\u00e9xico, 30 se ubican en la Ciudad de M\u00e9xico, ocho en el Estado de M\u00e9xico, tres en Tamaulipas y un \u00faltimo caso reportado en Sinaloa, mismo que corresponde a una persona del sexo masculino y de 33 a\u00f1os.<\/p>\n\n\n\n<p>Este hombre es originario de Mazatl\u00e1n y ya est\u00e1 en aislamiento, al igual que su esposa, quienes hab\u00edan viajado a Francia en los \u00faltimos d\u00edas. Posteriormente estuvieron en Guadalajara y finalmente en Culiac\u00e1n, donde se realiz\u00f3 una prueba que result\u00f3 positiva.<\/p>\n\n\n\n<p>\u201cSe notifica a la poblaci\u00f3n en general que se confirma el primer caso en Sinaloa a variante \u00d3micron seg\u00fan la secuenciaci\u00f3n gen\u00e9tica. Se trata de paciente masculino de 33 a\u00f1os, quien se encuentra aislado. Originario de Mazatl\u00e1n pero residente de la Cdmx\u201d, inform\u00f3 la Secretar\u00eda de Salud de Sinaloa a trav\u00e9s de sus redes sociales.<\/p>\n\n\n\n<p>Durante la conferencia de prensa matutina que ofreci\u00f3 el subsecretario Hugo L\u00f3pez-Gatell el pasado 24 de diciembre, el funcionario fue cuestionado por la advertencia de la Organizaci\u00f3n Mundial de la Salud (OMS) sobre la expansi\u00f3n de \u00d3micron en el mundo, a lo que respondi\u00f3 que los estudios sobre su comportamiento a\u00fan no son concluyentes.<\/p>\n","protected":false},"excerpt":{"rendered":"<p>Redacci\u00f3n\/Zona Roja Cdmx. Ciudad de M\u00e9xico, 26 de diciembre de 2021.- M\u00e9xico contin\u00faa con el&hellip;<\/p>\n","protected":false},"author":2,"featured_media":35784,"comment_status":"closed","ping_status":"open","sticky":false,"template":"","format":"standard","meta":{"_lmt_disableupdate":"","_lmt_disable":"","_jetpack_memberships_contains_paid_content":false,"footnotes":""},"categories":[109,47],"tags":[2956],"class_list":["post-35783","post","type-post","status-publish","format-standard","has-post-thumbnail","hentry","category-minuto-a-minuto","category-zona-gris","tag-variante-covid-omicron"],"jetpack_featured_media_url":"https:\/\/zonaroja.com.mx\/wp-content\/uploads\/2021\/12\/Variante-omicron-Covid.jpg","jetpack_sharing_enabled":true,"_links":{"self":[{"href":"https:\/\/zonaroja.com.mx\/index.php?rest_route=\/wp\/v2\/posts\/35783","targetHints":{"allow":["GET"]}}],"collection":[{"href":"https:\/\/zonaroja.com.mx\/index.php?rest_route=\/wp\/v2\/posts"}],"about":[{"href":"https:\/\/zonaroja.com.mx\/index.php?rest_route=\/wp\/v2\/types\/post"}],"author":[{"embeddable":true,"href":"https:\/\/zonaroja.com.mx\/index.php?rest_route=\/wp\/v2\/users\/2"}],"replies":[{"embeddable":true,"href":"https:\/\/zonaroja.com.mx\/index.php?rest_route=%2Fwp%2Fv2%2Fcomments&post=35783"}],"version-history":[{"count":1,"href":"https:\/\/zonaroja.com.mx\/index.php?rest_route=\/wp\/v2\/posts\/35783\/revisions"}],"predecessor-version":[{"id":35785,"href":"https:\/\/zonaroja.com.mx\/index.php?rest_route=\/wp\/v2\/posts\/35783\/revisions\/35785"}],"wp:featuredmedia":[{"embeddable":true,"href":"https:\/\/zonaroja.com.mx\/index.php?rest_route=\/wp\/v2\/media\/35784"}],"wp:attachment":[{"href":"https:\/\/zonaroja.com.mx\/index.php?rest_route=%2Fwp%2Fv2%2Fmedia&parent=35783"}],"wp:term":[{"taxonomy":"category","embeddable":true,"href":"https:\/\/zonaroja.com.mx\/index.php?rest_route=%2Fwp%2Fv2%2Fcategories&post=35783"},{"taxonomy":"post_tag","embeddable":true,"href":"https:\/\/zonaroja.com.mx\/index.php?rest_route=%2Fwp%2Fv2%2Ftags&post=35783"}],"curies":[{"name":"wp","href":"https:\/\/api.w.org\/{rel}","templated":true}]}}