{"id":35789,"date":"2021-12-26T07:33:12","date_gmt":"2021-12-26T13:33:12","guid":{"rendered":"http:\/\/www.zonaroja.com.mx\/?p=35789"},"modified":"2021-12-26T07:33:17","modified_gmt":"2021-12-26T13:33:17","slug":"estrenan-se-va-la-vida-video-de-mon-laferte-y-la-banda-mujeres-del-viento-florido","status":"publish","type":"post","link":"https:\/\/zonaroja.com.mx\/?p=35789","title":{"rendered":"Estrenan \u201cSe va la vida\u201d, video de Mon Laferte y la banda \u201cMujeres del Viento Florido\u201d"},"content":{"rendered":"\n<p>Yuridiana Sosa\/ Zona Roja<\/p>\n\n\n\n<p>Oaxaca de Ju\u00e1rez, Oax., 26 de diciembre de 2021.- La Banda Femenil Regional \u201cMujeres del Viento Florido\u201d de Oaxaca hace historia en la m\u00fasica. Sus sonidos traspasan fronteras y conquistan o\u00eddos.<\/p>\n\n\n\n<p>\u201cSe va la vida\u201d es la colaboraci\u00f3n musical que la banda originaria de Santa Mar\u00eda Tlahuitoltepec Mixe realiz\u00f3 con la cantautora chilena Mon Laferte durante el 2020, pero ser\u00e1 apenas el pr\u00f3ximo 27 de diciembre que el video oficial se lanzar\u00e1.<\/p>\n\n\n\n<p>El trabajo aliado fue tan especial para la cantante, que tambi\u00e9n realiz\u00f3 un microdocumental para compartir la experiencia de este encuentro en ese municipio de la regi\u00f3n Sierra Norte, con 40 mujeres m\u00fasicas y el contacto con la madre tierra desde la zona Mixe.<\/p>\n\n\n\n<p>\u201cFue tanta la emoci\u00f3n que me cost\u00f3 varios d\u00edas procesar la felicidad. Fui muy feliz, yo recuerdo esa visita como uno de los d\u00edas m\u00e1s felices de mi vida\u201d, expres\u00f3 Mon Laferte en junio de 2020, cuando se concret\u00f3 el microdocumental.<\/p>\n\n\n\n<p>Y es que est\u00e1 canci\u00f3n, autor\u00eda de Laferte para su \u00e1lbum titilado \u201cSeis\u201d, se transform\u00f3 al sonido de la banda, a la que conoci\u00f3 meses antes y busc\u00f3. Al escuchar su obra desde la banda de viento, llor\u00f3 de emoci\u00f3n.<\/p>\n\n\n\n<p>Aquel d\u00eda, bailaron juntas y la autora visti\u00f3 prendas tradicionales de Tlahuitoltepec; se abrazaron. Sellaron su colaboraci\u00f3n.<\/p>\n\n\n\n<p>Mon Laferte escribi\u00f3 esa canci\u00f3n para las compa\u00f1eras de la c\u00e1rcel de Valpara\u00edso, Chile.<\/p>\n\n\n\n<p>\u201cSe va la vida, de una ni\u00f1ita, de una abuelita \u00a1Ay! Se va la vida, llora el cemento, por la injusticia\/ Hay paridas entre rejas, todas negras las ovejas, con el duelo entre sus brazos, cantan las canciones viejas&#8230;\u201d es parte de esta canci\u00f3n que clama justicia.<\/p>\n\n\n\n<p>El pasado 10 de diciembre, la agrupaci\u00f3n \u201cMujeres del Viento Florido\u201d anunci\u00f3 en su cuenta de Twitter que se sent\u00edan agradecidas y emocionadas de haber participado en la presentaci\u00f3n de Mon Laferte en el Teatro Metropolitan.<\/p>\n\n\n\n<p>Con lo que dan muestra que el trabajo colaborativo de la banda Femenil Regional \u201cMujeres del Viento Florido\u201d con Mon Laferte ha permanecido por m\u00e1s de un a\u00f1o.<\/p>\n","protected":false},"excerpt":{"rendered":"<p>Yuridiana Sosa\/ Zona Roja Oaxaca de Ju\u00e1rez, Oax., 26 de diciembre de 2021.- La Banda&hellip;<\/p>\n","protected":false},"author":2,"featured_media":28420,"comment_status":"closed","ping_status":"open","sticky":false,"template":"","format":"standard","meta":{"_lmt_disableupdate":"","_lmt_disable":"","_jetpack_memberships_contains_paid_content":false,"footnotes":""},"categories":[109,46],"tags":[2194],"class_list":["post-35789","post","type-post","status-publish","format-standard","has-post-thumbnail","hentry","category-minuto-a-minuto","category-zona-blanca","tag-mon-laferte"],"jetpack_featured_media_url":"https:\/\/zonaroja.com.mx\/wp-content\/uploads\/2021\/06\/Banda-del-Viento-Florido-y-Mon-Laferte.jpg","jetpack_sharing_enabled":true,"_links":{"self":[{"href":"https:\/\/zonaroja.com.mx\/index.php?rest_route=\/wp\/v2\/posts\/35789","targetHints":{"allow":["GET"]}}],"collection":[{"href":"https:\/\/zonaroja.com.mx\/index.php?rest_route=\/wp\/v2\/posts"}],"about":[{"href":"https:\/\/zonaroja.com.mx\/index.php?rest_route=\/wp\/v2\/types\/post"}],"author":[{"embeddable":true,"href":"https:\/\/zonaroja.com.mx\/index.php?rest_route=\/wp\/v2\/users\/2"}],"replies":[{"embeddable":true,"href":"https:\/\/zonaroja.com.mx\/index.php?rest_route=%2Fwp%2Fv2%2Fcomments&post=35789"}],"version-history":[{"count":1,"href":"https:\/\/zonaroja.com.mx\/index.php?rest_route=\/wp\/v2\/posts\/35789\/revisions"}],"predecessor-version":[{"id":35790,"href":"https:\/\/zonaroja.com.mx\/index.php?rest_route=\/wp\/v2\/posts\/35789\/revisions\/35790"}],"wp:featuredmedia":[{"embeddable":true,"href":"https:\/\/zonaroja.com.mx\/index.php?rest_route=\/wp\/v2\/media\/28420"}],"wp:attachment":[{"href":"https:\/\/zonaroja.com.mx\/index.php?rest_route=%2Fwp%2Fv2%2Fmedia&parent=35789"}],"wp:term":[{"taxonomy":"category","embeddable":true,"href":"https:\/\/zonaroja.com.mx\/index.php?rest_route=%2Fwp%2Fv2%2Fcategories&post=35789"},{"taxonomy":"post_tag","embeddable":true,"href":"https:\/\/zonaroja.com.mx\/index.php?rest_route=%2Fwp%2Fv2%2Ftags&post=35789"}],"curies":[{"name":"wp","href":"https:\/\/api.w.org\/{rel}","templated":true}]}}