{"id":35793,"date":"2021-12-26T14:24:15","date_gmt":"2021-12-26T20:24:15","guid":{"rendered":"http:\/\/www.zonaroja.com.mx\/?p=35793"},"modified":"2021-12-26T14:24:19","modified_gmt":"2021-12-26T20:24:19","slug":"sigue-descenso-en-casos-de-covid-en-oaxaca-en-ultima-semana-72-contagios","status":"publish","type":"post","link":"https:\/\/zonaroja.com.mx\/?p=35793","title":{"rendered":"Sigue descenso en casos de Covid en Oaxaca; en \u00faltima semana, 72 contagios"},"content":{"rendered":"\n<p>Redacci\u00f3n\/Zona Roja.<\/p>\n\n\n\n<p>Oaxaca de Ju\u00e1rez, Oax., 26 de diciembre de 2021.- La dependencia estatal Servicios de Salud de Oaxaca (SSO) inform\u00f3 que, durante el per\u00edodo comprendido del 19 al 25 de diciembre, la entidad registr\u00f3 un acumulado de 83 mil 891 casos confirmados del virus SARS-CoV-2, observando una ligera disminuci\u00f3n con respecto a la semana anterior, pasando de 162 a 72 registros esta semana.<\/p>\n\n\n\n<p>En tanto, el promedio de ocupaci\u00f3n hospitalaria para la atenci\u00f3n a pacientes con complicaciones derivadas de esta enfermedad fue de 18.9%. Adem\u00e1s, se reportaron 12 decesos a causa de esta patolog\u00eda respiratoria, detall\u00f3 en un comunicado.<\/p>\n\n\n\n<p>Agreg\u00f3 que con base en el \u00abLineamiento para la estimaci\u00f3n de riesgos del sem\u00e1foro por regiones Covid-19\u00bb emitido por el Gobierno Federal, Oaxaca permanecer\u00e1 del lunes 27 de diciembre del presente a\u00f1o hasta el domingo 9 de enero del 2022, en color verde.<\/p>\n\n\n\n<p>Asimismo, siguiendo la Estrategia de la Pol\u00edtica Nacional de Vacunaci\u00f3n contra el virus SARS-CoV-2 para la prevenci\u00f3n en M\u00e9xico, se aplicaron 52 mil 670 dosis, de las cuales 24 mil 816 fueron de la farmac\u00e9utica Pfizer-BioNTech; 27 mil 410 de AstraZeneca y el resto de los biol\u00f3gicos Sinovac y CanSino Biologics.<\/p>\n\n\n\n<p>Detall\u00f3 que, aunque el riesgo de contagio es bajo, no hay que confiarse, ni relajar las normas de protecci\u00f3n para prevenir un rebrote, por lo que es necesario tomar las medidas ante los encuentros o reuniones de fin de a\u00f1o y a\u00f1o nuevo, aunque las personas cuenten con el esquema parcial o completo de vacunaci\u00f3n, enfatiz\u00f3 la dependencia.<\/p>\n\n\n\n<p>Y agreg\u00f3, que es fundamental usar el cubrebocas, mantener la sana distancia, lavarse las manos frecuentemente con agua y jab\u00f3n, evitar lugares concurridos y espacios cerrados con poca ventilaci\u00f3n, al estornudar o toser, usar el estornudo de etiqueta, principalmente; una medida adicional es vacunarse contra la influenza estacional en esta temporada.<\/p>\n\n\n\n<p>La dependencia exhort\u00f3 a las personas a ser socialmente responsables para evitar contagios; de presentar alg\u00fan s\u00edntoma sospechoso de Covid-19 deben optar por no asistir a reuniones y por consiguiente tendr\u00e1n que acudir a valoraci\u00f3n m\u00e9dica para un diagn\u00f3stico y tratamiento oportuno.<\/p>\n\n\n\n<p>Adem\u00e1s, hizo hincapi\u00e9 en la importancia de mantener vigentes las medidas de cuidado durante las celebraciones y no bajar la guardia, de lo contrario, si se festeja como anteriormente se acostumbraba ser\u00eda el escenario ideal para la propagaci\u00f3n del virus.<\/p>\n","protected":false},"excerpt":{"rendered":"<p>Redacci\u00f3n\/Zona Roja. Oaxaca de Ju\u00e1rez, Oax., 26 de diciembre de 2021.- La dependencia estatal Servicios&hellip;<\/p>\n","protected":false},"author":2,"featured_media":35794,"comment_status":"closed","ping_status":"open","sticky":false,"template":"","format":"standard","meta":{"_lmt_disableupdate":"","_lmt_disable":"","_jetpack_memberships_contains_paid_content":false,"footnotes":""},"categories":[109,47],"tags":[1512],"class_list":["post-35793","post","type-post","status-publish","format-standard","has-post-thumbnail","hentry","category-minuto-a-minuto","category-zona-gris","tag-coronavirus-oaxaca"],"jetpack_featured_media_url":"https:\/\/zonaroja.com.mx\/wp-content\/uploads\/2021\/12\/Covid-19-Oaxaca-virus-gente.jpg","jetpack_sharing_enabled":true,"_links":{"self":[{"href":"https:\/\/zonaroja.com.mx\/index.php?rest_route=\/wp\/v2\/posts\/35793","targetHints":{"allow":["GET"]}}],"collection":[{"href":"https:\/\/zonaroja.com.mx\/index.php?rest_route=\/wp\/v2\/posts"}],"about":[{"href":"https:\/\/zonaroja.com.mx\/index.php?rest_route=\/wp\/v2\/types\/post"}],"author":[{"embeddable":true,"href":"https:\/\/zonaroja.com.mx\/index.php?rest_route=\/wp\/v2\/users\/2"}],"replies":[{"embeddable":true,"href":"https:\/\/zonaroja.com.mx\/index.php?rest_route=%2Fwp%2Fv2%2Fcomments&post=35793"}],"version-history":[{"count":1,"href":"https:\/\/zonaroja.com.mx\/index.php?rest_route=\/wp\/v2\/posts\/35793\/revisions"}],"predecessor-version":[{"id":35795,"href":"https:\/\/zonaroja.com.mx\/index.php?rest_route=\/wp\/v2\/posts\/35793\/revisions\/35795"}],"wp:featuredmedia":[{"embeddable":true,"href":"https:\/\/zonaroja.com.mx\/index.php?rest_route=\/wp\/v2\/media\/35794"}],"wp:attachment":[{"href":"https:\/\/zonaroja.com.mx\/index.php?rest_route=%2Fwp%2Fv2%2Fmedia&parent=35793"}],"wp:term":[{"taxonomy":"category","embeddable":true,"href":"https:\/\/zonaroja.com.mx\/index.php?rest_route=%2Fwp%2Fv2%2Fcategories&post=35793"},{"taxonomy":"post_tag","embeddable":true,"href":"https:\/\/zonaroja.com.mx\/index.php?rest_route=%2Fwp%2Fv2%2Ftags&post=35793"}],"curies":[{"name":"wp","href":"https:\/\/api.w.org\/{rel}","templated":true}]}}