{"id":35796,"date":"2021-12-26T14:59:54","date_gmt":"2021-12-26T20:59:54","guid":{"rendered":"http:\/\/www.zonaroja.com.mx\/?p=35796"},"modified":"2021-12-26T14:59:57","modified_gmt":"2021-12-26T20:59:57","slug":"ordena-cidh-medidas-cautelares-para-desplazados-de-atatlahuca","status":"publish","type":"post","link":"https:\/\/zonaroja.com.mx\/?p=35796","title":{"rendered":"Ordena CIDH medidas cautelares para desplazados de Atatlahuca"},"content":{"rendered":"\n<p>Redacci\u00f3n\/Zona Roja.<\/p>\n\n\n\n<p>Oaxaca de Ju\u00e1rez, Oax., 26 de diciembre de 2021.- El 23 de diciembre del 2021, la Comisi\u00f3n Interamericana de Derechos Humanos (CIDH) notific\u00f3 al Estado mexicano la medida cautelar n\u00famero 1050-21 para familias de las comunidades ind\u00edgenas de Guerrero Grande y Ndoyonuyuji, San Esteban Atatlahuca, y otros respecto de M\u00e9xico.<\/p>\n\n\n\n<p>La misma public\u00f3 en su p\u00e1gina oficial http:\/\/www.oas.org\/es\/CIDH\/jsForm\/?File=\/es\/cidh\/prensa\/comunicados\/2021\/348.asp.<\/p>\n\n\n\n<p>De acuerdo con un comunicado de la asociaci\u00f3n civil Cedhapi, el otorgamiento de esta medida cautelar fue basada en hechos de violencia que en diferentes fechas sufrieron familias de las comunidades de Guerrero Grande, Ndoyonuyuji y Mier y Ter\u00e1n, por parte de un grupo armado comandado presuntamente por autoridades municipales de Atatlahuca.<\/p>\n\n\n\n<p>Dichos ataques comenzaron el primero de octubre del 2021 y&nbsp; se agravaron los d\u00edas 21, 22 y 23 del mismo mes, que tuvo como consecuencia cuatro personas desaparecidas, que son Marcos Quiroz Ria\u00f1o, Miguel Bautista Avenda\u00f1o, Donato Bautista Avenda\u00f1o, Mayolo Quiroz Barrios.<\/p>\n\n\n\n<p>Posteriormente, el 27 de octubre desaparece en la ciudad de M\u00e9xico Irma Galindo Barrios; hubo dos personas asesinadas, Jacinto Hern\u00e1ndez Quiroz&nbsp; e Isidoro Hern\u00e1ndez,&nbsp; as\u00ed como varias personas&nbsp; lesionadas&nbsp; y m\u00e1s de 100 casas quemadas&nbsp; lo cual en un inicio&nbsp; produjo el&nbsp; desplazamiento interno forzado de m\u00e1s de 300 familias&nbsp; entre ellas ni\u00f1as, ni\u00f1os , mujeres y&nbsp; personas mayores.<\/p>\n\n\n\n<p>Detall\u00f3 que los gobiernos estatal y federal tuvieron conocimiento de estos hechos de forma inmediata, pero minimizaron la gravedad de los acontecimientos y hasta el momento no han brindado el apoyo humanitario que el Estado Mexicano est\u00e1 obligado&nbsp; a proporcionar en situaciones de desplazamiento forzado interno.<\/p>\n\n\n\n<p>Por lo cual la Comisi\u00f3n Interamericana de Derechos Humanos solicito al Estado mexicano lo siguiente:<\/p>\n\n\n\n<p>1) Proteger los derechos a la vida e Integridad personal de las familias ind\u00edgenas de las comunidades de Guerrero Grande y Ndoyonuyuji a trav\u00e9s de medidas culturalmente adecuadas dirigidas para proteger sus derechos y en especial de los ni\u00f1os, ni\u00f1as, mujeres y personas mayores.<\/p>\n\n\n\n<p>2) Garantizar la seguridad al interior de las comunidades ind\u00edgenas mixtecas de Guerrero Grande y Ndoyonuyuji con el objetivo de prevenir amenazas hostigamiento, intimidaciones y agresiones en contra de sus pobladores<\/p>\n\n\n\n<p>3) Determinar el paradero o destino de Mayolo Quiroz Barrios, Marcos Quiroz Ria\u00f1o, Miguel Bautista Avenda\u00f1o, Donato Bautista Avenda\u00f1o e Irma Galindo Barrios con el fin de proteger sus derechos a la vida e integridad personal.<\/p>\n\n\n\n<p>En tanto, el Centro de Derechos Humanos y Asesor\u00eda a Pueblos Ind\u00edgenas (Cedhapi) se pronuncia por lo siguiente:<\/p>\n\n\n\n<p>Cumplimiento a las medidas cautelares otorgadas por la CIDH en el plazo de 20 d\u00edas que fij\u00f3 el organismo internacional y que este cumplimiento sea el adecuado en la forma y t\u00e9rminos estipulados principalmente de proteger los derechos de las ni\u00f1as, ni\u00f1os, mujeres, y adultos mayores de las comunidades de Guerrero Grande y Ndoyonuyuji, respetando su cultura ind\u00edgena mixteca.<\/p>\n","protected":false},"excerpt":{"rendered":"<p>Redacci\u00f3n\/Zona Roja. Oaxaca de Ju\u00e1rez, Oax., 26 de diciembre de 2021.- El 23 de diciembre&hellip;<\/p>\n","protected":false},"author":2,"featured_media":33901,"comment_status":"closed","ping_status":"open","sticky":false,"template":"","format":"standard","meta":{"_lmt_disableupdate":"","_lmt_disable":"","_jetpack_memberships_contains_paid_content":false,"footnotes":""},"categories":[109,47],"tags":[1025],"class_list":["post-35796","post","type-post","status-publish","format-standard","has-post-thumbnail","hentry","category-minuto-a-minuto","category-zona-gris","tag-san-esteban-atatlahuca"],"jetpack_featured_media_url":"https:\/\/zonaroja.com.mx\/wp-content\/uploads\/2021\/11\/Violencia-Atatlahuca-incendios.jpg","jetpack_sharing_enabled":true,"_links":{"self":[{"href":"https:\/\/zonaroja.com.mx\/index.php?rest_route=\/wp\/v2\/posts\/35796","targetHints":{"allow":["GET"]}}],"collection":[{"href":"https:\/\/zonaroja.com.mx\/index.php?rest_route=\/wp\/v2\/posts"}],"about":[{"href":"https:\/\/zonaroja.com.mx\/index.php?rest_route=\/wp\/v2\/types\/post"}],"author":[{"embeddable":true,"href":"https:\/\/zonaroja.com.mx\/index.php?rest_route=\/wp\/v2\/users\/2"}],"replies":[{"embeddable":true,"href":"https:\/\/zonaroja.com.mx\/index.php?rest_route=%2Fwp%2Fv2%2Fcomments&post=35796"}],"version-history":[{"count":1,"href":"https:\/\/zonaroja.com.mx\/index.php?rest_route=\/wp\/v2\/posts\/35796\/revisions"}],"predecessor-version":[{"id":35797,"href":"https:\/\/zonaroja.com.mx\/index.php?rest_route=\/wp\/v2\/posts\/35796\/revisions\/35797"}],"wp:featuredmedia":[{"embeddable":true,"href":"https:\/\/zonaroja.com.mx\/index.php?rest_route=\/wp\/v2\/media\/33901"}],"wp:attachment":[{"href":"https:\/\/zonaroja.com.mx\/index.php?rest_route=%2Fwp%2Fv2%2Fmedia&parent=35796"}],"wp:term":[{"taxonomy":"category","embeddable":true,"href":"https:\/\/zonaroja.com.mx\/index.php?rest_route=%2Fwp%2Fv2%2Fcategories&post=35796"},{"taxonomy":"post_tag","embeddable":true,"href":"https:\/\/zonaroja.com.mx\/index.php?rest_route=%2Fwp%2Fv2%2Ftags&post=35796"}],"curies":[{"name":"wp","href":"https:\/\/api.w.org\/{rel}","templated":true}]}}