{"id":35798,"date":"2021-12-26T15:09:31","date_gmt":"2021-12-26T21:09:31","guid":{"rendered":"http:\/\/www.zonaroja.com.mx\/?p=35798"},"modified":"2021-12-26T15:09:35","modified_gmt":"2021-12-26T21:09:35","slug":"destinan-presupuesto-de-14-6-mdp-para-centro-de-conciliacion-laboral-de-oaxaca","status":"publish","type":"post","link":"https:\/\/zonaroja.com.mx\/?p=35798","title":{"rendered":"Destinan presupuesto de 14.6 mdp para Centro de Conciliaci\u00f3n Laboral de Oaxaca"},"content":{"rendered":"\n<p>Redacci\u00f3n\/Zona Roja.<\/p>\n\n\n\n<p>Oaxaca de Ju\u00e1rez, Oax. 26 de diciembre de 2021.- La 65 Legislatura del Congreso del Estado de Oaxaca aprob\u00f3 un presupuesto de 14 millones 648 mil 975 pesos con 98 centavos, para Centro de Conciliaci\u00f3n Laboral del Estado.<\/p>\n\n\n\n<p>Con este recurso p\u00fablico, funcionar\u00e1 durante el a\u00f1o 2022 este organismo que empez\u00f3 a operar el 3 de noviembre de este a\u00f1o, detall\u00f3 en un comunicado.<\/p>\n\n\n\n<p>Indic\u00f3 que desde noviembre a la fecha, la unidad ejecutora que atiende conflictos laborales, tiene ya 681 procedimientos iniciados, m\u00e1s los ocho mil juicios en tr\u00e1mite que dej\u00f3 rezagados la Junta de Conciliaci\u00f3n y Arbitraje, hoy extinta.<\/p>\n\n\n\n<p>Expuso que es deber del Centro de Conciliaci\u00f3n Laboral de Oaxaca conciliar todos los conflictos laborales de car\u00e1cter individual, a fin de llegar a una soluci\u00f3n entre el empleado y patr\u00f3n, apegada a derecho y sin vulnerar los derechos de los trabajadores.<\/p>\n\n\n\n<p>\u201cS\u00f3lo los asuntos que no llegasen a solucionarse en esta instancia, las partes afectadas podr\u00e1n interponer una denuncia ante los juzgados para que los atienda el Poder Judicial\u201d, agreg\u00f3.<\/p>\n\n\n\n<p>A\u00f1adi\u00f3 que se autoriz\u00f3 tambi\u00e9n a la Junta de Arbitraje para los Empleados al Servicio de los Poderes del Estado un presupuesto de 13 millones 914 mil 342 pesos con 47 centavos.<\/p>\n\n\n\n<p>\u201cPara la 65 Legislatura local es una prioridad el fortalecimiento de estos organismos para que atiendan y resuelvan los conflictos laborales en la entidad\u201d, remarc\u00f3 en su comunicado de prensa.<\/p>\n","protected":false},"excerpt":{"rendered":"<p>Redacci\u00f3n\/Zona Roja. Oaxaca de Ju\u00e1rez, Oax. 26 de diciembre de 2021.- La 65 Legislatura del&hellip;<\/p>\n","protected":false},"author":2,"featured_media":35799,"comment_status":"closed","ping_status":"open","sticky":false,"template":"","format":"standard","meta":{"_lmt_disableupdate":"","_lmt_disable":"","_jetpack_memberships_contains_paid_content":false,"footnotes":""},"categories":[109,46],"tags":[2743],"class_list":["post-35798","post","type-post","status-publish","format-standard","has-post-thumbnail","hentry","category-minuto-a-minuto","category-zona-blanca","tag-65-legislatura-del-estado-de-oaxaca"],"jetpack_featured_media_url":"https:\/\/zonaroja.com.mx\/wp-content\/uploads\/2021\/12\/Foto-1-Prioridad-para-el-Congreso-de-Oaxaca-la-conciliacion-de-conflictos-laborales.jpeg","jetpack_sharing_enabled":true,"_links":{"self":[{"href":"https:\/\/zonaroja.com.mx\/index.php?rest_route=\/wp\/v2\/posts\/35798","targetHints":{"allow":["GET"]}}],"collection":[{"href":"https:\/\/zonaroja.com.mx\/index.php?rest_route=\/wp\/v2\/posts"}],"about":[{"href":"https:\/\/zonaroja.com.mx\/index.php?rest_route=\/wp\/v2\/types\/post"}],"author":[{"embeddable":true,"href":"https:\/\/zonaroja.com.mx\/index.php?rest_route=\/wp\/v2\/users\/2"}],"replies":[{"embeddable":true,"href":"https:\/\/zonaroja.com.mx\/index.php?rest_route=%2Fwp%2Fv2%2Fcomments&post=35798"}],"version-history":[{"count":1,"href":"https:\/\/zonaroja.com.mx\/index.php?rest_route=\/wp\/v2\/posts\/35798\/revisions"}],"predecessor-version":[{"id":35800,"href":"https:\/\/zonaroja.com.mx\/index.php?rest_route=\/wp\/v2\/posts\/35798\/revisions\/35800"}],"wp:featuredmedia":[{"embeddable":true,"href":"https:\/\/zonaroja.com.mx\/index.php?rest_route=\/wp\/v2\/media\/35799"}],"wp:attachment":[{"href":"https:\/\/zonaroja.com.mx\/index.php?rest_route=%2Fwp%2Fv2%2Fmedia&parent=35798"}],"wp:term":[{"taxonomy":"category","embeddable":true,"href":"https:\/\/zonaroja.com.mx\/index.php?rest_route=%2Fwp%2Fv2%2Fcategories&post=35798"},{"taxonomy":"post_tag","embeddable":true,"href":"https:\/\/zonaroja.com.mx\/index.php?rest_route=%2Fwp%2Fv2%2Ftags&post=35798"}],"curies":[{"name":"wp","href":"https:\/\/api.w.org\/{rel}","templated":true}]}}