{"id":35805,"date":"2021-12-27T07:46:10","date_gmt":"2021-12-27T13:46:10","guid":{"rendered":"http:\/\/www.zonaroja.com.mx\/?p=35805"},"modified":"2021-12-27T07:46:14","modified_gmt":"2021-12-27T13:46:14","slug":"fortalece-el-ieepo-profesionalizacion-permanente-de-docentes-de-educacion-basica","status":"publish","type":"post","link":"https:\/\/zonaroja.com.mx\/?p=35805","title":{"rendered":"Fortalece el IEEPO profesionalizaci\u00f3n permanente de docentes de educaci\u00f3n b\u00e1sica"},"content":{"rendered":"\n<p>Redacci\u00f3n\/Zona Roja.<\/p>\n\n\n\n<p>Oaxaca de Ju\u00e1rez, Oax., 27 de diciembre de 2021.- Como lo ha establecido el gobernador Alejandro Murat Hinojosa, en el fortalecimiento de la profesionalizaci\u00f3n de directivos y docentes de educaci\u00f3n b\u00e1sica, el Instituto Estatal de Educaci\u00f3n P\u00fablica de Oaxaca (IEEPO), realiz\u00f3 en el a\u00f1o que est\u00e1 por terminar 225 acciones de capacitaci\u00f3n a trav\u00e9s de diplomados, seminarios, talleres, cursos, asesor\u00edas personalizadas, reuniones virtuales de trabajo y encuentros para compartir las experiencias exitosas.<\/p>\n\n\n\n<p>Lo anterior, ha permitido afianzar el desarrollo del proceso ense\u00f1anza-aprendizaje, entre maestras, maestros, directores de escuela y supervisores escolares de los diferentes niveles educativos como son inicial, preescolar, primaria y secundaria en sus distintas modalidades.<\/p>\n\n\n\n<p>Entre las acciones de capacitaci\u00f3n destacan -en las circunstancias que se viven actualmente derivado de la contingencia sanitaria-, aquellas que se enfocan al fortalecimiento del liderazgo directivo y, sobre todo, las que tienen como prop\u00f3sito el manejo de nuevas herramientas tecnol\u00f3gicas para la comunicaci\u00f3n y la educaci\u00f3n a distancia.<\/p>\n\n\n\n<p>As\u00ed tambi\u00e9n, las que promueven la gesti\u00f3n de habilidades socioemocionales para la generaci\u00f3n de ambientes favorables para el aprendizaje. En el desarrollo de estas actividades, se ha contado con la alta y entusiasta participaci\u00f3n de maestras y maestros de todos los niveles educativos.<\/p>\n\n\n\n<p>De esta manera, las y los docentes tienen la oportunidad de mejorar tanto a nivel profesional como la pr\u00e1ctica pedag\u00f3gica; por ello, el IEEPO imparte de manera permanente cursos de capacitaci\u00f3n.<\/p>\n\n\n\n<p>Cada actividad est\u00e1 enfocada a temas que contemplen&nbsp; los planes y programas que sirvan de apoyo a maestras y maestros en su pr\u00e1ctica educativa y sean significativos para los alumnos en su aprendizaje.<\/p>\n","protected":false},"excerpt":{"rendered":"<p>Redacci\u00f3n\/Zona Roja. Oaxaca de Ju\u00e1rez, Oax., 27 de diciembre de 2021.- Como lo ha establecido&hellip;<\/p>\n","protected":false},"author":2,"featured_media":35806,"comment_status":"closed","ping_status":"open","sticky":false,"template":"","format":"standard","meta":{"_lmt_disableupdate":"","_lmt_disable":"","_jetpack_memberships_contains_paid_content":false,"footnotes":""},"categories":[109,46],"tags":[2837],"class_list":["post-35805","post","type-post","status-publish","format-standard","has-post-thumbnail","hentry","category-minuto-a-minuto","category-zona-blanca","tag-instituto-estatal-de-educacion-publica-de-oaxaca-ieepo"],"jetpack_featured_media_url":"https:\/\/zonaroja.com.mx\/wp-content\/uploads\/2021\/12\/02-IEEPO.jpeg","jetpack_sharing_enabled":true,"_links":{"self":[{"href":"https:\/\/zonaroja.com.mx\/index.php?rest_route=\/wp\/v2\/posts\/35805","targetHints":{"allow":["GET"]}}],"collection":[{"href":"https:\/\/zonaroja.com.mx\/index.php?rest_route=\/wp\/v2\/posts"}],"about":[{"href":"https:\/\/zonaroja.com.mx\/index.php?rest_route=\/wp\/v2\/types\/post"}],"author":[{"embeddable":true,"href":"https:\/\/zonaroja.com.mx\/index.php?rest_route=\/wp\/v2\/users\/2"}],"replies":[{"embeddable":true,"href":"https:\/\/zonaroja.com.mx\/index.php?rest_route=%2Fwp%2Fv2%2Fcomments&post=35805"}],"version-history":[{"count":1,"href":"https:\/\/zonaroja.com.mx\/index.php?rest_route=\/wp\/v2\/posts\/35805\/revisions"}],"predecessor-version":[{"id":35807,"href":"https:\/\/zonaroja.com.mx\/index.php?rest_route=\/wp\/v2\/posts\/35805\/revisions\/35807"}],"wp:featuredmedia":[{"embeddable":true,"href":"https:\/\/zonaroja.com.mx\/index.php?rest_route=\/wp\/v2\/media\/35806"}],"wp:attachment":[{"href":"https:\/\/zonaroja.com.mx\/index.php?rest_route=%2Fwp%2Fv2%2Fmedia&parent=35805"}],"wp:term":[{"taxonomy":"category","embeddable":true,"href":"https:\/\/zonaroja.com.mx\/index.php?rest_route=%2Fwp%2Fv2%2Fcategories&post=35805"},{"taxonomy":"post_tag","embeddable":true,"href":"https:\/\/zonaroja.com.mx\/index.php?rest_route=%2Fwp%2Fv2%2Ftags&post=35805"}],"curies":[{"name":"wp","href":"https:\/\/api.w.org\/{rel}","templated":true}]}}