{"id":35815,"date":"2021-12-27T08:54:23","date_gmt":"2021-12-27T14:54:23","guid":{"rendered":"http:\/\/www.zonaroja.com.mx\/?p=35815"},"modified":"2021-12-27T09:08:50","modified_gmt":"2021-12-27T15:08:50","slug":"morena-y-el-desprecio-por-las-mujeres-oportunidad-para-pan-y-pri","status":"publish","type":"post","link":"https:\/\/zonaroja.com.mx\/?p=35815","title":{"rendered":"Morena y el desprecio por las mujeres: oportunidad para PAN y PRI"},"content":{"rendered":"\n<p>Ismael Garc\u00eda M.\/Zona Roja.<\/p>\n\n\n\n<p>Oaxaca de Ju\u00e1rez, Oax., 27 de diciembre de 2021.- A pesar de que m\u00e1s de la mitad de los oaxaque\u00f1os, seg\u00fan las propias encuestas de Morena, quer\u00eda una candidata mujer para la gubernatura de Oaxaca, el partido fundado por Andr\u00e9s Manuel L\u00f3pez Obrador opt\u00f3 por un var\u00f3n.<\/p>\n\n\n\n<p>Y con ello abri\u00f3 la puerta para que el PRI y el PAN analicen designar a una mujer, y hasta posiblemente coaligarse para tratar de cerrarle el paso al lopezobradorismo disfrazado de Morena.<\/p>\n\n\n\n<p>Por lo pronto, la decisi\u00f3n de designar a Salom\u00f3n Jara Cruz como virtual candidato a la gubernatura &#8211;por ahora oficialmente s\u00f3lo es coordinador de los comit\u00e9s de defensa de la cuarta transformaci\u00f3n&#8211; abri\u00f3 un boquete a Morena y seguramente esta semana, Susana Harp Iturribarr\u00eda dar\u00e1 a conocer la ruta jur\u00eddica que dar\u00e1 a su inconformidad.<\/p>\n\n\n\n<p>\u00bf\u201dCUCHAREADAS\u201d?<\/p>\n\n\n\n<p>Luego de m\u00e1s de 12 horas de discusiones entre los consejeros y los aspirantes, la noche del mi\u00e9rcoles 22 de diciembre, Mario Delgado comenz\u00f3 a desgranar la encuesta elaborada por Morena y tres m\u00e1s, a manera de \u201cespejo\u201d.<\/p>\n\n\n\n<p>S\u00ed, Salom\u00f3n Jara Cruz tuvo la mayor aceptaci\u00f3n en las cuatro encuestas y, extra\u00f1amente, el petista Benjam\u00edn Robles Montoya en segundo lugar; despu\u00e9s de ambos, Susana Harp.<\/p>\n\n\n\n<p>De Jara Cruz, por ejemplo, en \u201cConocimiento y opini\u00f3n\u201d, obtuvo en una de las encuestas 51.5%, Benjam\u00edn Robles 43% y Susana Harp 25.3%. En otra m\u00e1s, 48%, 40.8% y 28.2%, respectivamente; en t\u00f3nica similar los dos sondeos.<\/p>\n\n\n\n<p>Ello, sin duda, resultado del derroche publicitario de ambos personajes, que a lo largo de varios a\u00f1os han destinado cuantiosos recursos econ\u00f3micos para promover su imagen, cuya fuente financiera se deber\u00e1 investigar.<\/p>\n\n\n\n<p>En el caso de la \u201cOpini\u00f3n de g\u00e9nero\u201d, la inclinaci\u00f3n porque fuera una mujer se dieron en 55.5%, 62.1%, 52.5% y 50.6%. Porque fuera hombre, se inclinaron 22.3%, 22.1%, 22.5% y 20.4%.<\/p>\n\n\n\n<p>Pero con respecto a los negativos, de acuerdo con datos que se difundieron, Salom\u00f3n Jara Cruz destaca por el alto n\u00famero de opiniones en su contra.<\/p>\n\n\n\n<p>En la primera encuesta realizada por la Comisi\u00f3n de Encuestas de Morena, la opini\u00f3n negativa alcanzada por Salom\u00f3n Jara Cruz es de 13.3% frente a un 4.1% de Susana Harp.<\/p>\n\n\n\n<p>En tanto, en la encuesta espejo realizada por Buend\u00eda y Asociados, el Jara alcanza un 17.2%, mientras que Susana Harp mantiene un 4.9 % de desaprobaci\u00f3n.<\/p>\n\n\n\n<p>Con Covarrubias y Asociados y con Mendoza Blanco y Asociados, Salom\u00f3n Jara Cruz mantiene un 17.5% y 12.3% de desaprobaci\u00f3n, respectivamente; frente a un bajo 3.2% y 3.7 % de negativos de Susana Harp.<\/p>\n\n\n\n<p>Pero la discusi\u00f3n se entramp\u00f3 y no fue sino hasta las primeras horas del jueves en que se anunci\u00f3 la determinaci\u00f3n, con lo que se abri\u00f3 la puerta al cisma.<\/p>\n\n\n\n<p>OTRA VEZ NATIVIDAD<\/p>\n\n\n\n<p>Los partidos que no quieren nada con Morena, har\u00e1n uso de la encuesta de Morena respecto a la preferencia hacia una mujer como candidata a gobernadora.<\/p>\n\n\n\n<p>Este domingo 26 de diciembre, Natividad D\u00edaz Jim\u00e9nez se registr\u00f3 ante su partido, Acci\u00f3n Nacional, como aspirante a la gubernatura del estado. Se dijo que tambi\u00e9n renunciar\u00eda a la dirigencia de ese instituto pol\u00edtico, pero por lo menos ese d\u00eda no lo hizo p\u00fablico.<\/p>\n\n\n\n<p>Nada dijo de dejar tambi\u00e9n la curul que tiene en el Congreso del Estado, al que lleg\u00f3 por la v\u00eda de la representaci\u00f3n proporcional.<\/p>\n\n\n\n<p>El PAN est\u00e1 perdido electoralmente y pr\u00e1cticamente se volvi\u00f3 un partido familiar, de D\u00edaz Jim\u00e9nez precisamente, en que entre hermanos se reparten la presidencia municipal de Ejutla, las diputaciones locales y las federales.<\/p>\n\n\n\n<p>Atr\u00e1s qued\u00f3 la democracia por la que tanto pugnaba Manuel G\u00f3mez Mor\u00edn, el fundador del partido y por lo tanto, tiene pocas expectativas de triunfo, a menos que decida ir en alianza.<\/p>\n\n\n\n<p>&nbsp;\u00bfEL PRI TAMBI\u00c9N?<\/p>\n\n\n\n<p>Aunque tiene un fuerte candidato en Francisco \u00c1ngel Villarreal, el PRI tambi\u00e9n analizar\u00eda esos n\u00fameros de Morena en su encuesta con respecto al g\u00e9nero y ya tiene dos propuestas de hecho, en Mariana Nassar Pi\u00f1eyro y la panista Eufrosina Cruz Mendoza.<\/p>\n\n\n\n<p>De hecho, de los varones si no es Villarreal, ni Germ\u00e1n Espinosa Santib\u00e1\u00f1ez, ni Heliodoro D\u00edaz y mucho menos Eviel P\u00e9rez Maga\u00f1a, garantizan que se obtenga buenos resultados<\/p>\n\n\n\n<p>Por lo pronto, Salom\u00f3n Jara no la tiene tan f\u00e1cil, pese a que tambi\u00e9n, alrededor del 50 por ciento de los oaxaque\u00f1os, seg\u00fan sondeos, votar\u00eda por el Partido Morena.<\/p>\n\n\n\n<p>A una semana, no ha iniciado la operaci\u00f3n \u201ccicatriz\u201d y no se le ve inter\u00e9s por sanar heridas pol\u00edticas, lo que a la larga le traer\u00e1 consecuencias negativas.<\/p>\n\n\n\n<p>En tanto, Susana Harp mantiene su advertencia:<\/p>\n\n\n\n<p>\u201cLes informo que procederemos frente a esta acci\u00f3n, la justicia nos asiste. Defenderemos la voluntad y defenderemos la candidatura en este proceso interno. Ttambi\u00e9n se fundamenta que el pueblo de Oaxaca ha dejado claro que quiere que por primera vez una mujer llegue a la gubernatura\u201d.<\/p>\n\n\n\n<p>La moneda feminista est\u00e1 en el aire.<\/p>\n","protected":false},"excerpt":{"rendered":"<p>Ismael Garc\u00eda M.\/Zona Roja. Oaxaca de Ju\u00e1rez, Oax., 27 de diciembre de 2021.- A pesar&hellip;<\/p>\n","protected":false},"author":2,"featured_media":7610,"comment_status":"closed","ping_status":"open","sticky":false,"template":"","format":"standard","meta":{"_lmt_disableupdate":"","_lmt_disable":"","_jetpack_memberships_contains_paid_content":false,"footnotes":""},"categories":[456,109,48],"tags":[1353],"class_list":["post-35815","post","type-post","status-publish","format-standard","has-post-thumbnail","hentry","category-columna","category-minuto-a-minuto","category-zona-critica","tag-opinion-zona-critica"],"jetpack_featured_media_url":"https:\/\/zonaroja.com.mx\/wp-content\/uploads\/2020\/01\/Opini\u00f3n-Zona-Cr\u00edtica.jpg","jetpack_sharing_enabled":true,"_links":{"self":[{"href":"https:\/\/zonaroja.com.mx\/index.php?rest_route=\/wp\/v2\/posts\/35815","targetHints":{"allow":["GET"]}}],"collection":[{"href":"https:\/\/zonaroja.com.mx\/index.php?rest_route=\/wp\/v2\/posts"}],"about":[{"href":"https:\/\/zonaroja.com.mx\/index.php?rest_route=\/wp\/v2\/types\/post"}],"author":[{"embeddable":true,"href":"https:\/\/zonaroja.com.mx\/index.php?rest_route=\/wp\/v2\/users\/2"}],"replies":[{"embeddable":true,"href":"https:\/\/zonaroja.com.mx\/index.php?rest_route=%2Fwp%2Fv2%2Fcomments&post=35815"}],"version-history":[{"count":2,"href":"https:\/\/zonaroja.com.mx\/index.php?rest_route=\/wp\/v2\/posts\/35815\/revisions"}],"predecessor-version":[{"id":35821,"href":"https:\/\/zonaroja.com.mx\/index.php?rest_route=\/wp\/v2\/posts\/35815\/revisions\/35821"}],"wp:featuredmedia":[{"embeddable":true,"href":"https:\/\/zonaroja.com.mx\/index.php?rest_route=\/wp\/v2\/media\/7610"}],"wp:attachment":[{"href":"https:\/\/zonaroja.com.mx\/index.php?rest_route=%2Fwp%2Fv2%2Fmedia&parent=35815"}],"wp:term":[{"taxonomy":"category","embeddable":true,"href":"https:\/\/zonaroja.com.mx\/index.php?rest_route=%2Fwp%2Fv2%2Fcategories&post=35815"},{"taxonomy":"post_tag","embeddable":true,"href":"https:\/\/zonaroja.com.mx\/index.php?rest_route=%2Fwp%2Fv2%2Ftags&post=35815"}],"curies":[{"name":"wp","href":"https:\/\/api.w.org\/{rel}","templated":true}]}}